{"id":181715,"date":"2024-02-13T19:20:06","date_gmt":"2024-02-14T01:20:06","guid":{"rendered":"https:\/\/6toinformeds.guanajuato.gob.mx\/?p=181715"},"modified":"2024-02-15T12:46:56","modified_gmt":"2024-02-15T18:46:56","slug":"agenda-global","status":"publish","type":"post","link":"https:\/\/6toinformeds.guanajuato.gob.mx\/index.php\/agenda-global\/","title":{"rendered":"Agenda Global"},"content":{"rendered":"<div class=\"wpb-content-wrapper\"><p>[vc_row row_height_percent=&#8221;100&#8243; override_padding=&#8221;yes&#8221; h_padding=&#8221;2&#8243; top_padding=&#8221;2&#8243; bottom_padding=&#8221;4&#8243; back_color=&#8221;color-210407&#8243; overlay_alpha=&#8221;50&#8243; gutter_size=&#8221;3&#8243; column_width_percent=&#8221;100&#8243; shift_y=&#8221;0&#8243; z_index=&#8221;0&#8243; enable_bottom_divider=&#8221;default&#8221; shape_bottom_h_use_pixel=&#8221;&#8221; shape_bottom_height=&#8221;90&#8243; shape_bottom_opacity=&#8221;100&#8243; shape_bottom_index=&#8221;0&#8243; uncode_shortcode_id=&#8221;180763&#8243; back_color_type=&#8221;uncode-palette&#8221; shape_bottom_color_type=&#8221;uncode-solid&#8221; shape_bottom_color_solid=&#8221;#cfd7e2&#8243; shape_dividers=&#8221;&#8221;][vc_column column_width_percent=&#8221;100&#8243; position_vertical=&#8221;middle&#8221; align_horizontal=&#8221;align_center&#8221; gutter_size=&#8221;3&#8243; override_padding=&#8221;yes&#8221; column_padding=&#8221;0&#8243; style=&#8221;dark&#8221; overlay_alpha=&#8221;50&#8243; shift_x=&#8221;0&#8243; shift_y=&#8221;0&#8243; shift_y_down=&#8221;0&#8243; z_index=&#8221;0&#8243; medium_width=&#8221;0&#8243; mobile_width=&#8221;0&#8243; width=&#8221;1\/1&#8243; uncode_shortcode_id=&#8221;111312&#8243; mobile_height=&#8221;512&#8243;][vc_single_image media=&#8221;181442&#8243; media_width_percent=&#8221;80&#8243; alignment=&#8221;center&#8221; uncode_shortcode_id=&#8221;163112&#8243;][vc_custom_heading heading_semantic=&#8221;h1&#8243; text_font=&#8221;font-175089&#8243; text_size=&#8221;h1&#8243; text_height=&#8221;&#8221; sub_reduced=&#8221;yes&#8221; css_animation=&#8221;alpha-anim&#8221; animation_delay=&#8221;1000&#8243; uncode_shortcode_id=&#8221;128550&#8243;]Agenda Global[\/vc_custom_heading][vc_custom_heading text_color=&#8221;color-103136&#8243; heading_semantic=&#8221;h3&#8243; text_font=&#8221;font-175089&#8243; text_size=&#8221;h3&#8243; text_height=&#8221;&#8221; sub_reduced=&#8221;yes&#8221; css_animation=&#8221;alpha-anim&#8221; animation_delay=&#8221;1000&#8243; uncode_shortcode_id=&#8221;144407&#8243; text_color_type=&#8221;uncode-palette&#8221;]M\u00e1s Gto en el mundo y m\u00e1s mundo en Gto[\/vc_custom_heading][\/vc_column][\/vc_row][vc_row unlock_row_content=&#8221;yes&#8221; row_height_percent=&#8221;0&#8243; override_padding=&#8221;yes&#8221; h_padding=&#8221;0&#8243; top_padding=&#8221;2&#8243; bottom_padding=&#8221;3&#8243; overlay_alpha=&#8221;50&#8243; gutter_size=&#8221;0&#8243; column_width_percent=&#8221;100&#8243; shift_y=&#8221;0&#8243; z_index=&#8221;0&#8243; uncode_shortcode_id=&#8221;958384&#8243; css=&#8221;.vc_custom_1707935329081{padding-right: 10% !important;}&#8221; back_color_type=&#8221;uncode-solid&#8221; back_color_solid=&#8221;#cfd7e2&#8243; el_class=&#8221;h2ejeleftcero&#8221;][vc_column column_width_percent=&#8221;100&#8243; position_horizontal=&#8221;left&#8221; gutter_size=&#8221;0&#8243; override_padding=&#8221;yes&#8221; column_padding=&#8221;3&#8243; style=&#8221;dark&#8221; back_color=&#8221;color-189362&#8243; back_image=&#8221;121123&#8243; back_repeat=&#8221;no-repeat&#8221; back_position=&#8221;center center&#8221; overlay_alpha=&#8221;50&#8243; shift_x=&#8221;0&#8243; shift_y=&#8221;0&#8243; shift_y_down=&#8221;0&#8243; z_index=&#8221;0&#8243; medium_width=&#8221;0&#8243; mobile_width=&#8221;7&#8243; css_animation=&#8221;left-t-right&#8221; radius=&#8221;xl&#8221; shadow=&#8221;std&#8221; width=&#8221;1\/1&#8243; uncode_shortcode_id=&#8221;701652&#8243; back_color_type=&#8221;uncode-palette&#8221; back_size=&#8221;cover&#8221; el_class=&#8221;h2ejeleftcero&#8221;][vc_custom_heading text_color=&#8221;color-xsdn&#8221; heading_semantic=&#8221;h1&#8243; text_font=&#8221;font-175089&#8243; text_size=&#8221;h1&#8243; text_height=&#8221;&#8221; sub_lead=&#8221;yes&#8221; sub_reduced=&#8221;yes&#8221; uncode_shortcode_id=&#8221;106176&#8243; text_color_type=&#8221;uncode-palette&#8221;]<span style=\"color: #c9e1f6;\">Seguridad<\/span> y Paz Social[\/vc_custom_heading][\/vc_column][\/vc_row][vc_row row_height_percent=&#8221;0&#8243; override_padding=&#8221;yes&#8221; h_padding=&#8221;5&#8243; top_padding=&#8221;0&#8243; bottom_padding=&#8221;0&#8243; overlay_alpha=&#8221;50&#8243; equal_height=&#8221;yes&#8221; gutter_size=&#8221;3&#8243; column_width_percent=&#8221;100&#8243; shift_y=&#8221;0&#8243; z_index=&#8221;0&#8243; uncode_shortcode_id=&#8221;152857&#8243; back_color_type=&#8221;uncode-solid&#8221; back_color_solid=&#8221;#cfd7e2&#8243;][vc_column column_width_percent=&#8221;100&#8243; align_horizontal=&#8221;align_center&#8221; gutter_size=&#8221;3&#8243; override_padding=&#8221;yes&#8221; column_padding=&#8221;0&#8243; overlay_alpha=&#8221;50&#8243; shift_x=&#8221;0&#8243; shift_y=&#8221;0&#8243; shift_y_down=&#8221;0&#8243; z_index=&#8221;0&#8243; medium_width=&#8221;0&#8243; mobile_width=&#8221;7&#8243; width=&#8221;1\/2&#8243; uncode_shortcode_id=&#8221;153568&#8243;][vc_column_text uncode_shortcode_id=&#8221;202751&#8243; el_class=&#8221;dropcap-seg&#8221;]<p>Uno de los logros m&aacute;s significativos de la presente Administraci&oacute;n es la certificaci&oacute;n Commission on Accreditation for Law Enforcement Agencies, Calea, por sus iniciales en ingl&eacute;s.<\/p><br \/>\n<p>Esta certificaci&oacute;n es un reconocimiento que se otorga &uacute;nicamente a aquellas agencias de seguridad que cumplen con rigurosos est&aacute;ndares internacionales de excelencia en sus operaciones y pr&aacute;cticas. Esto implica un proceso de evaluaci&oacute;n exhaustivo que incluye desde la formaci&oacute;n y capacitaci&oacute;n de nuestros agentes, hasta la eficiencia operativa y la calidad del servicio.<\/p><br \/>\n<p>Fuimos anfitriones del 1&deg;. seminario que se realiza en M&eacute;xico por parte de Calea, consolidando, a su vez, el papel protag&oacute;nico del Estado de Guanajuato en la homologaci&oacute;n de procesos y procedimientos en materia de seguridad a nivel nacional e internacional.<\/p><br \/>\n<p>Actualmente se cuenta con el distintivo Triple Arco, que se obtiene con la acreditaci&oacute;n en Aplicaci&oacute;n de la Ley, Academia de Entrenamiento y Centro de Comunicaciones. Somos el 2&deg;. estado en conseguir dicha certificaci&oacute;n en el pa&iacute;s y solo 19 instituciones a nivel internacional han sido galardonadas con este m&aacute;ximo reconocimiento otorgado por Calea.<\/p>[\/vc_column_text][\/vc_column][vc_column column_width_percent=&#8221;100&#8243; align_horizontal=&#8221;align_center&#8221; gutter_size=&#8221;3&#8243; overlay_alpha=&#8221;50&#8243; shift_x=&#8221;0&#8243; shift_y=&#8221;0&#8243; shift_y_down=&#8221;0&#8243; z_index=&#8221;0&#8243; medium_width=&#8221;0&#8243; mobile_width=&#8221;0&#8243; sticky=&#8221;yes&#8221; width=&#8221;1\/2&#8243; uncode_shortcode_id=&#8221;251212&#8243;][vc_row_inner row_inner_height_percent=&#8221;0&#8243; overlay_alpha=&#8221;50&#8243; gutter_size=&#8221;0&#8243; shift_y=&#8221;0&#8243; z_index=&#8221;0&#8243; uncode_shortcode_id=&#8221;354274&#8243; css=&#8221;.vc_custom_1707931090169{padding-right: 10% !important;padding-left: 10% !important;}&#8221;][vc_column_inner column_width_percent=&#8221;100&#8243; position_vertical=&#8221;middle&#8221; align_horizontal=&#8221;align_center&#8221; gutter_size=&#8221;0&#8243; override_padding=&#8221;yes&#8221; column_padding=&#8221;2&#8243; back_color=&#8221;color-xsdn&#8221; overlay_alpha=&#8221;50&#8243; preserve_border=&#8221;yes&#8221; preserve_border_tablet=&#8221;yes&#8221; preserve_border_mobile=&#8221;yes&#8221; border_color=&#8221;color-871637&#8243; border_style=&#8221;solid&#8221; shift_x=&#8221;0&#8243; shift_y=&#8221;0&#8243; shift_y_down=&#8221;-3&#8243; shift_y_down_fixed=&#8221;yes&#8221; z_index=&#8221;0&#8243; medium_width=&#8221;0&#8243; mobile_width=&#8221;0&#8243; css_animation=&#8221;zoom-in&#8221; width=&#8221;1\/1&#8243; uncode_shortcode_id=&#8221;191095&#8243; back_color_type=&#8221;uncode-palette&#8221; css=&#8221;.vc_custom_1707931129637{border-top-width: 10px !important;border-right-width: 10px !important;border-bottom-width: 10px !important;border-left-width: 10px !important;}&#8221; border_color_type=&#8221;uncode-palette&#8221;][vc_custom_heading heading_semantic=&#8221;h6&#8243; text_font=&#8221;font-113956&#8243; text_size=&#8221;h6&#8243; text_weight=&#8221;600&#8243; text_transform=&#8221;uppercase&#8221; text_height=&#8221;&#8221; sub_lead=&#8221;small&#8221; sub_reduced=&#8221;yes&#8221; uncode_shortcode_id=&#8221;151552&#8243;]SOMOS EL[\/vc_custom_heading][vc_custom_heading text_color=&#8221;color-189362&#8243; text_font=&#8221;font-175089&#8243; text_weight=&#8221;900&#8243; text_height=&#8221;&#8221; sub_reduced=&#8221;yes&#8221; uncode_shortcode_id=&#8221;322655&#8243; text_color_type=&#8221;uncode-palette&#8221; subheading=&#8221;EN OBTENER EL DISTINTIVO&#8221;]2\u00ba. <span style=\"color: #808080;\">estado<\/span>[\/vc_custom_heading][vc_custom_heading text_color=&#8221;color-189362&#8243; text_font=&#8221;font-175089&#8243; text_weight=&#8221;900&#8243; text_height=&#8221;&#8221; sub_reduced=&#8221;yes&#8221; uncode_shortcode_id=&#8221;188607&#8243; text_color_type=&#8221;uncode-palette&#8221; subheading=&#8221;OTORGADO POR CALEA&#8221;]Triple Arco[\/vc_custom_heading][\/vc_column_inner][\/vc_row_inner][vc_single_image media=&#8221;181733&#8243; media_width_percent=&#8221;100&#8243; alignment=&#8221;center&#8221; css_animation=&#8221;left-t-right&#8221; uncode_shortcode_id=&#8221;159705&#8243;][\/vc_column][\/vc_row][vc_row unlock_row_content=&#8221;yes&#8221; row_height_percent=&#8221;0&#8243; override_padding=&#8221;yes&#8221; h_padding=&#8221;0&#8243; top_padding=&#8221;0&#8243; bottom_padding=&#8221;0&#8243; overlay_alpha=&#8221;50&#8243; gutter_size=&#8221;0&#8243; column_width_percent=&#8221;100&#8243; shift_y=&#8221;0&#8243; z_index=&#8221;0&#8243; uncode_shortcode_id=&#8221;106806&#8243; back_color_type=&#8221;uncode-solid&#8221; back_color_solid=&#8221;#cfd7e2&#8243;][vc_column column_width_percent=&#8221;100&#8243; align_horizontal=&#8221;align_center&#8221; gutter_size=&#8221;0&#8243; override_padding=&#8221;yes&#8221; column_padding=&#8221;0&#8243; overlay_alpha=&#8221;50&#8243; shift_x=&#8221;0&#8243; shift_y=&#8221;0&#8243; shift_y_down=&#8221;0&#8243; z_index=&#8221;0&#8243; medium_width=&#8221;0&#8243; mobile_width=&#8221;0&#8243; width=&#8221;1\/1&#8243; uncode_shortcode_id=&#8221;615923&#8243;][vc_single_image media=&#8221;181749&#8243; media_width_percent=&#8221;100&#8243; alignment=&#8221;center&#8221; css_animation=&#8221;top-t-bottom&#8221; uncode_shortcode_id=&#8221;108326&#8243;][\/vc_column][\/vc_row][vc_row unlock_row_content=&#8221;yes&#8221; row_height_percent=&#8221;0&#8243; override_padding=&#8221;yes&#8221; h_padding=&#8221;0&#8243; top_padding=&#8221;4&#8243; bottom_padding=&#8221;2&#8243; overlay_alpha=&#8221;50&#8243; equal_height=&#8221;yes&#8221; gutter_size=&#8221;2&#8243; column_width_percent=&#8221;100&#8243; shift_y=&#8221;0&#8243; z_index=&#8221;0&#8243; uncode_shortcode_id=&#8221;129557&#8243; back_color_type=&#8221;uncode-solid&#8221; back_color_solid=&#8221;#cfd7e2&#8243; css=&#8221;.vc_custom_1707936977514{padding-right: 5% !important;}&#8221;][vc_column column_width_percent=&#8221;100&#8243; gutter_size=&#8221;3&#8243; override_padding=&#8221;yes&#8221; column_padding=&#8221;0&#8243; overlay_alpha=&#8221;50&#8243; shift_x=&#8221;0&#8243; shift_y=&#8221;0&#8243; shift_y_down=&#8221;0&#8243; z_index=&#8221;0&#8243; medium_width=&#8221;0&#8243; mobile_width=&#8221;7&#8243; width=&#8221;5\/12&#8243; uncode_shortcode_id=&#8221;214127&#8243;][vc_single_image media=&#8221;181752&#8243; media_width_percent=&#8221;100&#8243; css_animation=&#8221;left-t-right&#8221; uncode_shortcode_id=&#8221;196579&#8243;][vc_row_inner row_inner_height_percent=&#8221;0&#8243; overlay_alpha=&#8221;50&#8243; gutter_size=&#8221;3&#8243; shift_y=&#8221;0&#8243; z_index=&#8221;0&#8243; uncode_shortcode_id=&#8221;153686&#8243; css=&#8221;.vc_custom_1707875675550{padding-left: 5% !important;}&#8221;][vc_column_inner column_width_percent=&#8221;100&#8243; gutter_size=&#8221;3&#8243; override_padding=&#8221;yes&#8221; column_padding=&#8221;2&#8243; overlay_alpha=&#8221;50&#8243; shift_x=&#8221;0&#8243; shift_y=&#8221;0&#8243; shift_y_down=&#8221;0&#8243; z_index=&#8221;0&#8243; medium_width=&#8221;0&#8243; mobile_width=&#8221;0&#8243; width=&#8221;1\/1&#8243; uncode_shortcode_id=&#8221;153603&#8243;][vc_column_text uncode_shortcode_id=&#8221;502255&#8243;]<p>Durante la presente Administraci&oacute;n, las oficinas centrales de la Direcci&oacute;n General del Sistema Penitenciario y los 11 centros tienen certificaci&oacute;n y reacreditaci&oacute;n a nivel internacional a trav&eacute;s de la Asociaci&oacute;n Americana de Correccionales ACA, por sus siglas en ingl&eacute;s.<\/p><br \/>\n<p>Este logro permite que el estado de Guanajuato mantenga el m&aacute;ximo distintivo, denominado Golden Eagle Award, mismo que representa el compromiso m&aacute;s alto a la excelencia en las operaciones correccionales, as&iacute; como la dedicaci&oacute;n de las agencias para mejorar la seguridad p&uacute;blica y el bienestar de las personas privadas de la libertad; es la m&aacute;xima presea otorgada por la Asociaci&oacute;n.<\/p><br \/>\n<p>Gracias a la colaboraci&oacute;n con Oficina Internacional de Antinarc&oacute;ticos y Procuraci&oacute;n de la Ley, INL, por sus siglas en ingl&eacute;s de la Embajada de los Estados Unidos de Am&eacute;rica en M&eacute;xico, se capacit&oacute; a personal de los distintos Centros Penitenciarios del estado, en materia de Administraci&oacute;n Penitenciaria, Manejo de Grupos Vulnerables, Traslados y Manejo de Privados de la Libertad, Respuesta ante emergencias y Liderazgo Ejecutivo; 47 funcionarios p&uacute;blicos, quienes ahora fungen como replicadores de conocimientos.<\/p><br \/>\n<p>Se recibi&oacute; de INL la donaci&oacute;n de equipo de seguridad, m&eacute;dico, inform&aacute;tico, de comunicaci&oacute;n, equipo de protecci&oacute;n.<\/p><br \/>\n<p>Obtuvimos el galard&oacute;n denominado Global Eagle, m&aacute;ximo distintivo otorgado por la Asociaci&oacute;n de Correccionales de Am&eacute;rica, ACA, debido a la certificaci&oacute;n de las oficinas centrales de la Direcci&oacute;n General de Reintegraci&oacute;n Social para Adolescentes y su Centro de Internamiento Especializado, al cumplir satisfactoriamente con los est&aacute;ndares establecidos por dicha asociaci&oacute;n.<\/p><br \/>\n<p>En las conferencias de ACA 2020 dimos a conocer el modelo de reintegraci&oacute;n y reinserci&oacute;n social y familiar de los adolescentes en conflicto con la ley penal, eventos que se realizaron en la ciudad de San Diego California, en Estados Unidos de Am&eacute;rica, y en Bogot&aacute;, Colombia; con ello se reconocen las mejores pr&aacute;cticas y el trabajo que hace Gobierno del Estado con los j&oacute;venes que se encuentran en conflicto con la Ley.<\/p>[\/vc_column_text][\/vc_column_inner][\/vc_row_inner][\/vc_column][vc_column column_width_percent=&#8221;100&#8243; gutter_size=&#8221;3&#8243; override_padding=&#8221;yes&#8221; column_padding=&#8221;2&#8243; back_color=&#8221;color-189362&#8243; overlay_alpha=&#8221;50&#8243; shift_x=&#8221;0&#8243; shift_y=&#8221;0&#8243; shift_y_down=&#8221;0&#8243; z_index=&#8221;0&#8243; medium_width=&#8221;0&#8243; mobile_width=&#8221;0&#8243; radius=&#8221;xl&#8221; width=&#8221;7\/12&#8243; uncode_shortcode_id=&#8221;144332&#8243; back_color_type=&#8221;uncode-palette&#8221;][vc_row_inner row_inner_height_percent=&#8221;0&#8243; overlay_alpha=&#8221;50&#8243; gutter_size=&#8221;2&#8243; shift_y=&#8221;0&#8243; z_index=&#8221;0&#8243; inverted_device_order=&#8221;yes&#8221; uncode_shortcode_id=&#8221;809333&#8243;][vc_column_inner column_width_percent=&#8221;100&#8243; position_vertical=&#8221;middle&#8221; align_horizontal=&#8221;align_right&#8221; gutter_size=&#8221;0&#8243; override_padding=&#8221;yes&#8221; column_padding=&#8221;0&#8243; style=&#8221;dark&#8221; overlay_alpha=&#8221;50&#8243; shift_x=&#8221;0&#8243; shift_y=&#8221;0&#8243; shift_y_down=&#8221;0&#8243; z_index=&#8221;0&#8243; medium_width=&#8221;0&#8243; align_mobile=&#8221;align_center_mobile&#8221; mobile_width=&#8221;0&#8243; width=&#8221;1\/2&#8243; uncode_shortcode_id=&#8221;103645&#8243;][vc_custom_heading text_color=&#8221;color-871637&#8243; text_font=&#8221;font-175089&#8243; text_height=&#8221;&#8221; sub_reduced=&#8221;yes&#8221; uncode_shortcode_id=&#8221;335370&#8243; text_color_type=&#8221;uncode-palette&#8221;]Refrendamos la colaboraci\u00f3n internacional[\/vc_custom_heading][\/vc_column_inner][vc_column_inner column_width_percent=&#8221;100&#8243; align_horizontal=&#8221;align_center&#8221; gutter_size=&#8221;0&#8243; override_padding=&#8221;yes&#8221; column_padding=&#8221;0&#8243; overlay_alpha=&#8221;50&#8243; shift_x=&#8221;0&#8243; shift_y=&#8221;-5&#8243; shift_y_down=&#8221;0&#8243; z_index=&#8221;2&#8243; medium_width=&#8221;0&#8243; mobile_width=&#8221;0&#8243; width=&#8221;1\/2&#8243; uncode_shortcode_id=&#8221;114833&#8243;][vc_single_image media=&#8221;181753&#8243; media_width_percent=&#8221;100&#8243; alignment=&#8221;center&#8221; css_animation=&#8221;zoom-in&#8221; uncode_shortcode_id=&#8221;605333&#8243;][\/vc_column_inner][\/vc_row_inner][vc_row_inner row_inner_height_percent=&#8221;0&#8243; overlay_alpha=&#8221;50&#8243; gutter_size=&#8221;0&#8243; shift_y=&#8221;0&#8243; z_index=&#8221;0&#8243; uncode_shortcode_id=&#8221;660546&#8243;][vc_column_inner column_width_percent=&#8221;100&#8243; align_horizontal=&#8221;align_center&#8221; gutter_size=&#8221;0&#8243; override_padding=&#8221;yes&#8221; column_padding=&#8221;2&#8243; style=&#8221;dark&#8221; back_color=&#8221;color-871637&#8243; overlay_alpha=&#8221;50&#8243; shift_x=&#8221;0&#8243; shift_y=&#8221;0&#8243; shift_y_down=&#8221;0&#8243; z_index=&#8221;0&#8243; medium_width=&#8221;0&#8243; mobile_width=&#8221;0&#8243; radius=&#8221;xl&#8221; width=&#8221;1\/1&#8243; uncode_shortcode_id=&#8221;117041&#8243; back_color_type=&#8221;uncode-palette&#8221;][vc_custom_heading heading_semantic=&#8221;h4&#8243; text_size=&#8221;h4&#8243; text_weight=&#8221;600&#8243; text_height=&#8221;&#8221; sub_reduced=&#8221;yes&#8221; uncode_shortcode_id=&#8221;145140&#8243;]CAPACITACI\u00d3N Y EQUIPAMIENTO[\/vc_custom_heading][\/vc_column_inner][\/vc_row_inner][vc_row_inner row_inner_height_percent=&#8221;0&#8243; overlay_alpha=&#8221;50&#8243; gutter_size=&#8221;0&#8243; shift_y=&#8221;0&#8243; z_index=&#8221;0&#8243; uncode_shortcode_id=&#8221;660546&#8243;][vc_column_inner column_width_percent=&#8221;100&#8243; gutter_size=&#8221;3&#8243; override_padding=&#8221;yes&#8221; column_padding=&#8221;2&#8243; back_color=&#8221;color-xsdn&#8221; overlay_alpha=&#8221;50&#8243; shift_x=&#8221;0&#8243; shift_y=&#8221;0&#8243; shift_y_down=&#8221;0&#8243; z_index=&#8221;0&#8243; medium_width=&#8221;0&#8243; mobile_width=&#8221;0&#8243; radius=&#8221;xl&#8221; width=&#8221;1\/1&#8243; uncode_shortcode_id=&#8221;177149&#8243; back_color_type=&#8221;uncode-palette&#8221;][vc_custom_heading heading_semantic=&#8221;h6&#8243; text_size=&#8221;h6&#8243; text_height=&#8221;&#8221; sub_reduced=&#8221;yes&#8221; uncode_shortcode_id=&#8221;117585&#8243;]SECRETAR\u00cdA DE SEGURIDAD P\u00daBLICA[\/vc_custom_heading][vc_column_text text_lead=&#8221;small&#8221; uncode_shortcode_id=&#8221;107412&#8243;]Capacitaci\u00f3n:<\/p>\n<ul>\n<li>Mejores pr\u00e1cticas Centros de Comunicaciones.<\/li>\n<li>Analistas de informaci\u00f3n en el marco legal del Sistema Penal Acusatorio.<\/li>\n<li>Traslado de alto riesgo.<\/li>\n<li>Formaci\u00f3n en gesti\u00f3n de instituciones correccionales.<\/li>\n<li>Manejo de emergencias y concientizaci\u00f3n en temas de seguridad.<\/li>\n<li>Curso Manejo de Mujeres Privadas de la Libertad.<\/li>\n<li>Curso Manejo de\u00a0Grupos\u00a0Vulnerables\u00a0en el Entorno.<\/li>\n<li>Curso Administraci\u00f3n\u00a0de Instituciones\u00a0Penitenciarias.<\/li>\n<li>T\u00e9cnicas de investigaci\u00f3n despu\u00e9s de una explosi\u00f3n.<\/li>\n<li>Seminario de inducci\u00f3n a la seguridad operacional.<\/li>\n<li>Seminario b\u00e1sico de protecci\u00f3n integral a la infancia y adolescencia.<\/li>\n<li>Diplomado control de producci\u00f3n de drogas il\u00edcitas.<\/li>\n<li>Diplomado gerenciamiento de unidades de investigaci\u00f3n criminal.<\/li>\n<li>Diplomado internacional en Derechos Humanos para la funci\u00f3n policial.<\/li>\n<li>Seminario de asuntos internos.<\/li>\n<li>Diplomado en resilencia y estr\u00e9s policial.<\/li>\n<li>Implementaci\u00f3n de plataforma com\u00fan para el registro homologado de casos.<\/li>\n<li>Curso b\u00e1sico de inteligencia y contrainteligencia.<\/li>\n<\/ul>\n<p>[\/vc_column_text][vc_separator sep_color=&#8221;color-uydo&#8221; uncode_shortcode_id=&#8221;211613&#8243; sep_color_type=&#8221;uncode-palette&#8221; el_width=&#8221;100%&#8221; el_height=&#8221;1px&#8221;][vc_custom_heading heading_semantic=&#8221;h6&#8243; text_size=&#8221;h6&#8243; text_height=&#8221;&#8221; sub_reduced=&#8221;yes&#8221; uncode_shortcode_id=&#8221;425655&#8243;]EQUIPAMIENTO[\/vc_custom_heading][vc_column_text text_lead=&#8221;small&#8221; uncode_shortcode_id=&#8221;201765&#8243;]Equipo tecnol\u00f3gico<\/p>\n<ul>\n<li>Computadoras<\/li>\n<li>Drones<\/li>\n<li>Workstation<\/li>\n<li>C\u00e1maras digitales<\/li>\n<li>Arco detector de metales<\/li>\n<li>Detector de metal manual<\/li>\n<li>Equipo de rayos X<\/li>\n<li>Equipo de contenci\u00f3n terap\u00e9utica<\/li>\n<li>Posicionador de radiograf\u00edas dentales<\/li>\n<li>Equipo de seguridad<\/li>\n<\/ul>\n<p>Equipamiento m\u00e9dico<\/p>\n<ul>\n<li>Desfibrilador<\/li>\n<\/ul>\n<p>Equipo de transporte<\/p>\n<ul>\n<li>Cami\u00f3n de bombero<\/li>\n<\/ul>\n<p>[\/vc_column_text][vc_separator sep_color=&#8221;color-uydo&#8221; uncode_shortcode_id=&#8221;211613&#8243; sep_color_type=&#8221;uncode-palette&#8221; el_width=&#8221;100%&#8221; el_height=&#8221;1px&#8221;][vc_custom_heading heading_semantic=&#8221;h6&#8243; text_size=&#8221;h6&#8243; text_height=&#8221;&#8221; sub_reduced=&#8221;yes&#8221; uncode_shortcode_id=&#8221;803740&#8243;]UNIDADES CANINAS[\/vc_custom_heading][vc_column_text text_lead=&#8221;small&#8221; uncode_shortcode_id=&#8221;146320&#8243;]<\/p>\n<ul>\n<li>Binomios caninos<\/li>\n<li>Capacitaci\u00f3n de unidades caninas<\/li>\n<li>Chaleco antibalas<\/li>\n<li>Chaleco t\u00e1ctico canino<\/li>\n<li>Kit de obst\u00e1culos para entrenamiento canino<\/li>\n<li>Botas caninas<\/li>\n<li>Equipo veterinario<\/li>\n<\/ul>\n<p>[\/vc_column_text][\/vc_column_inner][\/vc_row_inner][vc_row_inner row_inner_height_percent=&#8221;0&#8243; overlay_alpha=&#8221;50&#8243; gutter_size=&#8221;0&#8243; shift_y=&#8221;0&#8243; z_index=&#8221;0&#8243; uncode_shortcode_id=&#8221;660546&#8243;][vc_column_inner column_width_percent=&#8221;100&#8243; gutter_size=&#8221;3&#8243; override_padding=&#8221;yes&#8221; column_padding=&#8221;2&#8243; back_color=&#8221;color-207167&#8243; overlay_alpha=&#8221;50&#8243; shift_x=&#8221;0&#8243; shift_y=&#8221;0&#8243; shift_y_down=&#8221;0&#8243; z_index=&#8221;0&#8243; medium_width=&#8221;0&#8243; mobile_width=&#8221;0&#8243; radius=&#8221;xl&#8221; width=&#8221;1\/1&#8243; uncode_shortcode_id=&#8221;943087&#8243; back_color_type=&#8221;uncode-palette&#8221;][vc_custom_heading heading_semantic=&#8221;h6&#8243; text_size=&#8221;h6&#8243; text_height=&#8221;&#8221; sub_reduced=&#8221;yes&#8221; uncode_shortcode_id=&#8221;133802&#8243;]INSTITUTO DE FORMACI\u00d3N EN SEGURIDAD P\u00daBLICA[\/vc_custom_heading][vc_column_text text_lead=&#8221;small&#8221; uncode_shortcode_id=&#8221;155239&#8243;]Capacitaci\u00f3n:<\/p>\n<ul>\n<li>Intercambios para la Profesionalizaci\u00f3n Policial.<\/li>\n<li>Acreditaci\u00f3n para Instructores-Evaluadores de Analistas en Seguridad P\u00fablica.<\/li>\n<li>Actualizaci\u00f3n para la Formaci\u00f3n del Primer Respondiente con Perspectiva de G\u00e9nero y Enfoque Diferencial.<\/li>\n<li>Diplomado en Prevenci\u00f3n, Investigaci\u00f3n del Feminicidio y Actuaci\u00f3n Policial.<\/li>\n<li>Gesti\u00f3n de la Escena del Crimen en el Marco de la Lucha Contra el Narcotr\u00e1fico.<\/li>\n<li>Formador de Formadores.<\/li>\n<li>Seminario en l\u00ednea Comunitaria, una Filosof\u00eda de Polic\u00eda.<\/li>\n<li>Seminario Virtual Avanzado sobre Polic\u00eda Comunitaria.<\/li>\n<li>Seminario Virtual Desarrollo de Sistemas de Capacitaci\u00f3n a Distancia.<\/li>\n<li>Curso del Programa de Intercambio para la<\/li>\n<li>Profesionalizaci\u00f3n Policial para M\u00e9xico (PPEP, por sus siglas en ingl\u00e9s) Nivel 1.<\/li>\n<li>Curso virtual de Vigilancia Orientada a la Comunidad.<\/li>\n<\/ul>\n<p>[\/vc_column_text][vc_separator sep_color=&#8221;color-189362&#8243; uncode_shortcode_id=&#8221;213752&#8243; sep_color_type=&#8221;uncode-palette&#8221; el_width=&#8221;100%&#8221; el_height=&#8221;1px&#8221;][vc_custom_heading heading_semantic=&#8221;h6&#8243; text_size=&#8221;h6&#8243; text_height=&#8221;&#8221; sub_reduced=&#8221;yes&#8221; uncode_shortcode_id=&#8221;123032&#8243;]EQUIPAMIENTO[\/vc_custom_heading][vc_column_text text_lead=&#8221;small&#8221; uncode_shortcode_id=&#8221;333879&#8243;]Equipo para capacitaci\u00f3n.<\/p>\n<ul>\n<li>Simulador de tiro virtual<\/li>\n<li>Radios para entrenamiento policial<\/li>\n<li>Escopetas para entrenamiento policial<\/li>\n<li>Kits de primeros auxilios para medicina t\u00e1ctica<\/li>\n<li>Kits de primer respondiente<\/li>\n<\/ul>\n<p>[\/vc_column_text][\/vc_column_inner][\/vc_row_inner][\/vc_column][\/vc_row][vc_row row_height_percent=&#8221;0&#8243; override_padding=&#8221;yes&#8221; h_padding=&#8221;5&#8243; top_padding=&#8221;2&#8243; bottom_padding=&#8221;0&#8243; overlay_alpha=&#8221;50&#8243; gutter_size=&#8221;0&#8243; column_width_percent=&#8221;100&#8243; shift_y=&#8221;0&#8243; z_index=&#8221;0&#8243; uncode_shortcode_id=&#8221;105617&#8243; back_color_type=&#8221;uncode-solid&#8221; back_color_solid=&#8221;#cfd7e2&#8243;][vc_column column_width_percent=&#8221;100&#8243; gutter_size=&#8221;3&#8243; override_padding=&#8221;yes&#8221; column_padding=&#8221;0&#8243; overlay_alpha=&#8221;50&#8243; shift_x=&#8221;0&#8243; shift_y=&#8221;0&#8243; shift_y_down=&#8221;0&#8243; z_index=&#8221;0&#8243; medium_width=&#8221;0&#8243; mobile_width=&#8221;0&#8243; width=&#8221;1\/1&#8243; uncode_shortcode_id=&#8221;426046&#8243;][vc_column_text uncode_shortcode_id=&#8221;106668&#8243;]<p>La seguridad es una preocupaci&oacute;n compartida a nivel global. Identificar las buenas pr&aacute;cticas que se desarrollan en otros pa&iacute;ses es importante para la atenci&oacute;n de ese derecho humano; contar con polic&iacute;as equipados y profesionalizados es medular para garantizarla.<\/p><br \/>\n<p>La Embajada de los Estados Unidos de Am&eacute;rica en M&eacute;xico, a trav&eacute;s de su Oficina Internacional de Asuntos Antinarc&oacute;ticos y Procuraci&oacute;n de Justicia, INL en ingl&eacute;s, apoy&oacute; con una gama de equipamiento, capacitaciones e intercambios internacionales en beneficio de la profesionalizaci&oacute;n policial.<\/p><br \/>\n<p>De lo anterior, 11 instructores del Infospe y 8 elementos de las Fuerzas de Seguridad P&uacute;blica del Estado participaron en el Programa de Formador de Instructores en los temas de Prevenci&oacute;n del Crimen y Polic&iacute;a de Proximidad, Asuntos Internos y en Atenci&oacute;n a la Violencia de G&eacute;nero, que tuvo como sedes la Academia del Departamento de Polic&iacute;a de Miami-Dade y la Academia de Formaci&oacute;n y Desarrollo Policial Puebla-Iniciativa M&eacute;rida General Ignacio Zaragoza.<\/p><br \/>\n<p>En este proceso dos de nuestros instructores fungieron como parte del cuerpo docente, capacitando a sus hom&oacute;logos y polic&iacute;as activos de otras entidades federativas, en las sedes ya mencionadas. Estamos comprometidos en la construcci&oacute;n de un Guanajuato Seguro.<\/p><br \/>\n<p>El Gobierno del Estado, en coordinaci&oacute;n con organizaciones migrantes residentes en los Estados Unidos de Am&eacute;rica, realiz&oacute; jornadas de servicios del Registro Civil, con el objetivo de acreditar la doble nacionalidad a connacionales que radican en la Uni&oacute;n Americana.<\/p><br \/>\n<p>Este beneficio es para los nacidos en territorio estadounidense, que descienden de padres o abuelos mexicanos y que acrediten su nacionalidad mexicana. Durante estas jornadas se realizaron m&aacute;s de 1 mil 974 inserciones.<\/p><br \/>\n<p>La Defensor&iacute;a P&uacute;blica de Guanajuato tiene representaci&oacute;n en la Asociaci&oacute;n Interamericana de Defensor&iacute;as P&uacute;blicas. El estado tiene asignada una de las cuatro que hay a nivel nacional.<\/p><br \/>\n<p>La persona defensora tiene la capacidad para ofrecer asistencia ante la Corte Interamericana de Derechos Humanos, esto garantiza una amplia defensa y acceso a la justicia, con la debida calidad y excelencia.<\/p>[\/vc_column_text][vc_row_inner row_inner_height_percent=&#8221;0&#8243; overlay_alpha=&#8221;50&#8243; gutter_size=&#8221;0&#8243; shift_y=&#8221;0&#8243; z_index=&#8221;0&#8243; uncode_shortcode_id=&#8221;179410&#8243; css=&#8221;.vc_custom_1707931570309{padding-right: 10% !important;padding-left: 10% !important;}&#8221;][vc_column_inner column_width_percent=&#8221;100&#8243; position_vertical=&#8221;middle&#8221; align_horizontal=&#8221;align_center&#8221; gutter_size=&#8221;0&#8243; override_padding=&#8221;yes&#8221; column_padding=&#8221;2&#8243; back_color=&#8221;color-xsdn&#8221; overlay_alpha=&#8221;50&#8243; preserve_border=&#8221;yes&#8221; preserve_border_tablet=&#8221;yes&#8221; preserve_border_mobile=&#8221;yes&#8221; border_color=&#8221;color-189362&#8243; border_style=&#8221;solid&#8221; shift_x=&#8221;0&#8243; shift_y=&#8221;0&#8243; shift_y_down=&#8221;-3&#8243; shift_y_down_fixed=&#8221;yes&#8221; z_index=&#8221;2&#8243; medium_width=&#8221;0&#8243; mobile_width=&#8221;0&#8243; css_animation=&#8221;zoom-in&#8221; width=&#8221;1\/1&#8243; uncode_shortcode_id=&#8221;146612&#8243; back_color_type=&#8221;uncode-palette&#8221; css=&#8221;.vc_custom_1707931610276{border-top-width: 10px !important;border-right-width: 10px !important;border-bottom-width: 10px !important;border-left-width: 10px !important;}&#8221; border_color_type=&#8221;uncode-palette&#8221;][vc_custom_heading heading_semantic=&#8221;h6&#8243; text_size=&#8221;h6&#8243; text_weight=&#8221;600&#8243; text_transform=&#8221;uppercase&#8221; text_height=&#8221;&#8221; sub_lead=&#8221;small&#8221; sub_reduced=&#8221;yes&#8221; uncode_shortcode_id=&#8221;689538&#8243;]PROGRAMA DE[\/vc_custom_heading][vc_custom_heading text_color=&#8221;color-189362&#8243; text_font=&#8221;font-175089&#8243; text_height=&#8221;&#8221; sub_reduced=&#8221;yes&#8221; uncode_shortcode_id=&#8221;171266&#8243; text_color_type=&#8221;uncode-palette&#8221;]Formador de Instructores[\/vc_custom_heading][\/vc_column_inner][\/vc_row_inner][\/vc_column][\/vc_row][vc_row unlock_row_content=&#8221;yes&#8221; row_height_percent=&#8221;0&#8243; override_padding=&#8221;yes&#8221; h_padding=&#8221;0&#8243; top_padding=&#8221;0&#8243; bottom_padding=&#8221;0&#8243; overlay_alpha=&#8221;50&#8243; gutter_size=&#8221;0&#8243; column_width_percent=&#8221;100&#8243; shift_y=&#8221;0&#8243; z_index=&#8221;0&#8243; uncode_shortcode_id=&#8221;706227&#8243; back_color_type=&#8221;uncode-solid&#8221; back_color_solid=&#8221;#cfd7e2&#8243;][vc_column column_width_percent=&#8221;100&#8243; align_horizontal=&#8221;align_center&#8221; gutter_size=&#8221;0&#8243; override_padding=&#8221;yes&#8221; column_padding=&#8221;0&#8243; overlay_alpha=&#8221;50&#8243; shift_x=&#8221;0&#8243; shift_y=&#8221;0&#8243; shift_y_down=&#8221;0&#8243; z_index=&#8221;0&#8243; medium_width=&#8221;0&#8243; mobile_width=&#8221;0&#8243; width=&#8221;1\/1&#8243; uncode_shortcode_id=&#8221;615923&#8243;][vc_single_image media=&#8221;181790&#8243; media_width_percent=&#8221;100&#8243; alignment=&#8221;center&#8221; css_animation=&#8221;top-t-bottom&#8221; uncode_shortcode_id=&#8221;384006&#8243;][vc_single_image media=&#8221;181796&#8243; media_width_percent=&#8221;100&#8243; alignment=&#8221;center&#8221; css_animation=&#8221;top-t-bottom&#8221; uncode_shortcode_id=&#8221;174106&#8243;][\/vc_column][\/vc_row][vc_row row_height_percent=&#8221;0&#8243; override_padding=&#8221;yes&#8221; h_padding=&#8221;5&#8243; top_padding=&#8221;2&#8243; bottom_padding=&#8221;3&#8243; overlay_alpha=&#8221;50&#8243; gutter_size=&#8221;0&#8243; column_width_percent=&#8221;100&#8243; shift_y=&#8221;0&#8243; z_index=&#8221;0&#8243; uncode_shortcode_id=&#8221;340780&#8243; back_color_type=&#8221;uncode-solid&#8221; back_color_solid=&#8221;#cfd7e2&#8243;][vc_column column_width_percent=&#8221;100&#8243; gutter_size=&#8221;3&#8243; override_padding=&#8221;yes&#8221; column_padding=&#8221;0&#8243; overlay_alpha=&#8221;50&#8243; shift_x=&#8221;0&#8243; shift_y=&#8221;0&#8243; shift_y_down=&#8221;0&#8243; z_index=&#8221;0&#8243; medium_width=&#8221;0&#8243; mobile_width=&#8221;0&#8243; width=&#8221;1\/1&#8243; uncode_shortcode_id=&#8221;426046&#8243;][vc_row_inner row_inner_height_percent=&#8221;0&#8243; overlay_alpha=&#8221;50&#8243; gutter_size=&#8221;0&#8243; shift_y=&#8221;0&#8243; z_index=&#8221;0&#8243; uncode_shortcode_id=&#8221;130596&#8243; css=&#8221;.vc_custom_1707931660350{padding-right: 10% !important;padding-left: 10% !important;}&#8221;][vc_column_inner column_width_percent=&#8221;100&#8243; position_vertical=&#8221;middle&#8221; align_horizontal=&#8221;align_center&#8221; gutter_size=&#8221;0&#8243; override_padding=&#8221;yes&#8221; column_padding=&#8221;2&#8243; back_color=&#8221;color-xsdn&#8221; overlay_alpha=&#8221;50&#8243; preserve_border=&#8221;yes&#8221; preserve_border_tablet=&#8221;yes&#8221; preserve_border_mobile=&#8221;yes&#8221; border_color=&#8221;color-189362&#8243; border_style=&#8221;solid&#8221; shift_x=&#8221;0&#8243; shift_y=&#8221;-5&#8243; shift_y_fixed=&#8221;yes&#8221; shift_y_down=&#8221;0&#8243; z_index=&#8221;2&#8243; medium_width=&#8221;0&#8243; mobile_width=&#8221;0&#8243; css_animation=&#8221;zoom-in&#8221; width=&#8221;1\/1&#8243; uncode_shortcode_id=&#8221;138848&#8243; back_color_type=&#8221;uncode-palette&#8221; css=&#8221;.vc_custom_1707931672858{border-top-width: 10px !important;border-right-width: 10px !important;border-bottom-width: 10px !important;border-left-width: 10px !important;}&#8221; border_color_type=&#8221;uncode-palette&#8221;][vc_custom_heading heading_semantic=&#8221;h6&#8243; text_size=&#8221;h6&#8243; text_weight=&#8221;600&#8243; text_transform=&#8221;uppercase&#8221; text_height=&#8221;&#8221; sub_lead=&#8221;small&#8221; sub_reduced=&#8221;yes&#8221; uncode_shortcode_id=&#8221;561124&#8243;]Mesas de di\u00e1logO con el agregado laboral de[\/vc_custom_heading][vc_custom_heading text_color=&#8221;color-189362&#8243; text_font=&#8221;font-175089&#8243; text_height=&#8221;&#8221; sub_reduced=&#8221;yes&#8221; uncode_shortcode_id=&#8221;112871&#8243; text_color_type=&#8221;uncode-palette&#8221;]Estados Unidos de Am\u00e9rica[\/vc_custom_heading][\/vc_column_inner][\/vc_row_inner][vc_column_text uncode_shortcode_id=&#8221;132835&#8243;]<p>Guanajuato se encuentra en los primeros 10 estados con Registros P&uacute;blicos de la Propiedad y Catastro m&aacute;s modernos, lo cual se traduce en tr&aacute;mites m&aacute;s sencillos, accesibles, con tiempos de resoluci&oacute;n m&aacute;s cortos para el usuario, a quien se le evitan traslados innecesarios. Para lograr esta eficiencia participamos en el programa de modernizaci&oacute;n de los registros p&uacute;blicos de la propiedad y catastro de la Secretar&iacute;a de Desarrollo Agrario, Territorial y Urbano del Gobierno Federal.<\/p><br \/>\n<p>Impulsamos el intercambio hist&oacute;rico y art&iacute;stico que nos engrandece. Recibimos a la embajadora de Armenia, Armella Shakaryan, con el objetivo de estrechar lazos de amistad y hacer un intercambio cultural por los 200 a&ntilde;os de la consumaci&oacute;n de la independencia de M&eacute;xico. El grupo de Baile de Armenia Gevorkian Dance Academy hizo presentaciones de sus danzas nacionales y visit&oacute; diversos lugares tur&iacute;sticos y emblem&aacute;ticos en los municipios de Guanajuato, Le&oacute;n y San Miguel de Allende.<\/p><br \/>\n<p>Realizamos el Primer Encuentro Iberoamericano de Voces por la Paz, con el objetivo de crear un espacio de reflexi&oacute;n y di&aacute;logo. Participaron conferencistas de gran prestigio internacional como Shirin Ebadi, Premio Nobel de la paz 2003 y Andr&eacute;s Pastrana Arango, Expresidente de Colombia, entre otros.<\/p><br \/>\n<p>Se difundi&oacute; la cultura de la paz a m&aacute;s de 2 mil 400 asistentes al evento; adem&aacute;s llegamos a miles de personas en toda Iberoam&eacute;rica, ya que fue transmitido en vivo por la se&ntilde;al de TV4, as&iacute; como por las plataformas digitales de las instituciones participantes.<\/p><br \/>\n<p>Somos un gobierno que reconoce la labor de las mujeres guanajuatenses en la construcci&oacute;n de la historia y la grandeza de nuestro estado. Por eso entregamos 17 premios a mujeres que destacaron en acciones a favor de la cultura, el deporte, la innovaci&oacute;n, el emprendimiento, la educaci&oacute;n, el sector agropecuario, la salud, la promoci&oacute;n de la paz, el m&eacute;rito social y el acad&eacute;mico durante el evento Premio Mujeres que Cambian el Mundo, Inspirando Grandeza.<\/p><br \/>\n<p>\nAsistieron m&aacute;s de 4 mil personas, quienes escucharon las experiencias de mujeres reconocidas nacional e internacionalmente como la periodista Adela Micha y Katya Echazarreta, la primera latinoamericana astronauta, entre otras.\n<\/p><br \/>\n<p>Se imprimieron m&aacute;s de 200 mil estampillas postales, conmemorativas por los 200 a&ntilde;os de Guanajuato como Estado Libre y Soberano, las cuales circulan, a trav&eacute;s de la correspondencia por todo el mundo, para difundir la historia de nuestra entidad. La cancelaci&oacute;n de la primera estampilla se llev&oacute; a cabo en el Palacio Postal, en Ciudad de M&eacute;xico, con la representaci&oacute;n de cuatro embajadas.<\/p><br \/>\n<p>En Guanajuato las relaciones internacionales son en beneficio de los trabajadores. Mediante acuerdos y compromisos institucionales derivados del Tratado M&eacute;xico, Estados Unidos de Am&eacute;rica y Canad&aacute;, celebramos mesas de di&aacute;logo con el agregado laboral de Estados Unidos de Am&eacute;rica, con el objetivo de dar a conocer los mecanismos de comunicaci&oacute;n que se han implementado entre asociaciones sindicales, c&aacute;maras empresariales, cl&uacute;steres e instituciones de impartici&oacute;n de justicia que coadyuvan a la paz laboral.<\/p>[\/vc_column_text][\/vc_column][\/vc_row][vc_section back_image=&#8221;181800&#8243; back_repeat=&#8221;no-repeat&#8221; back_position=&#8221;center bottom&#8221; overlay_alpha=&#8221;100&#8243; uncode_shortcode_id=&#8221;158955&#8243; back_size=&#8221;cover&#8221; overlay_color_type=&#8221;uncode-gradient&#8221; overlay_color_gradient=&#8221;{&#8220;css&#8220;:&#8220;background: linear-gradient(to right , rgba(0, 0, 0, 0.3) 39% , rgba(0, 0, 0, 0.9) 87%);&#8220;,&#8220;sliders&#8220;:`{`{&#8220;color&#8220;:&#8220;rgba(0, 0, 0, 0.3)&#8220;,&#8220;position&#8220;:39},{&#8220;color&#8220;:&#8220;rgba(0, 0, 0, 0.9)&#8220;,&#8220;position&#8220;:87}`}`,&#8220;type&#8220;:&#8220;linear&#8220;,&#8220;direction&#8220;:&#8220;left&#8220;}&#8221;][vc_row row_height_percent=&#8221;0&#8243; override_padding=&#8221;yes&#8221; h_padding=&#8221;5&#8243; top_padding=&#8221;4&#8243; bottom_padding=&#8221;0&#8243; overlay_alpha=&#8221;50&#8243; gutter_size=&#8221;0&#8243; column_width_percent=&#8221;100&#8243; shift_y=&#8221;0&#8243; z_index=&#8221;0&#8243; uncode_shortcode_id=&#8221;140760&#8243;][vc_column width=&#8221;1\/2&#8243;][\/vc_column][vc_column column_width_percent=&#8221;100&#8243; gutter_size=&#8221;3&#8243; override_padding=&#8221;yes&#8221; column_padding=&#8221;0&#8243; style=&#8221;dark&#8221; overlay_alpha=&#8221;50&#8243; shift_x=&#8221;0&#8243; shift_y=&#8221;0&#8243; shift_y_down=&#8221;0&#8243; z_index=&#8221;0&#8243; medium_width=&#8221;0&#8243; mobile_width=&#8221;0&#8243; width=&#8221;1\/2&#8243; uncode_shortcode_id=&#8221;140250&#8243;][vc_row_inner row_inner_height_percent=&#8221;0&#8243; overlay_alpha=&#8221;50&#8243; gutter_size=&#8221;0&#8243; shift_y=&#8221;0&#8243; z_index=&#8221;0&#8243; desktop_visibility=&#8221;yes&#8221; medium_visibility=&#8221;yes&#8221; uncode_shortcode_id=&#8221;901430&#8243; css=&#8221;.vc_custom_1707931772472{margin-bottom: 30px !important;}&#8221;][vc_column_inner column_width_percent=&#8221;100&#8243; align_horizontal=&#8221;align_center&#8221; gutter_size=&#8221;0&#8243; override_padding=&#8221;yes&#8221; column_padding=&#8221;0&#8243; overlay_alpha=&#8221;50&#8243; shift_x=&#8221;0&#8243; shift_y=&#8221;0&#8243; shift_y_down=&#8221;0&#8243; z_index=&#8221;0&#8243; medium_width=&#8221;0&#8243; mobile_width=&#8221;0&#8243; width=&#8221;1\/1&#8243; uncode_shortcode_id=&#8221;123309&#8243;][vc_single_image media=&#8221;181800&#8243; media_width_percent=&#8221;100&#8243; media_ratio=&#8221;one-one&#8221; alignment=&#8221;center&#8221; shape=&#8221;img-round&#8221; shadow=&#8221;yes&#8221; shadow_weight=&#8221;std&#8221; shadow_darker=&#8221;yes&#8221; css_animation=&#8221;top-t-bottom&#8221; uncode_shortcode_id=&#8221;183969&#8243;][\/vc_column_inner][\/vc_row_inner][vc_column_text uncode_shortcode_id=&#8221;776276&#8243;]<p>El agregado reconoci&oacute; a Guanajuato como un estado de vanguardia que prioriza el di&aacute;logo y la atenci&oacute;n a los sectores involucrados. La paz laboral la construimos todas y todos.<\/p><br \/>\n<p>La Grandeza de Guanajuato est&aacute; en su gente, por ello, en beneficio de las personas trabajadoras y sus familias, se sostuvo di&aacute;logo con autoridades laborales de Canad&aacute; y Estados Unidos de Am&eacute;rica con el objetivo de reconocer a centros de trabajo con excelentes pr&aacute;cticas. As&iacute; mismo, se mostraron resultados obtenidos respecto de la implementaci&oacute;n del nuevo modelo de justicia laboral.<\/p><br \/>\n<p>Hoy las empresas radicadas en Guanajuato son referencia de competitividad en temas laborales, de seguridad, financieros, de procesos y de calidad. En el estado refrendamos nuestro compromiso con lo m&aacute;s importante de nuestras empresas e instituciones, las personas.<\/p><br \/>\n<p>Guanajuato fue uno de los estados invitados a la embajada americana para la conmemoraci&oacute;n del d&iacute;a de la independencia de Estados Unidos de Am&eacute;rica, como un reconocimiento por parte de la Secretar&iacute;a del Trabajo y Previsi&oacute;n Social y el&nbsp;Departamento del Trabajo de Estados Unidos de Am&eacute;rica por la colaboraci&oacute;n y comunicaci&oacute;n con estas autoridades.<\/p><br \/>\n<p>En el marco de la conmemoraci&oacute;n de los 20 a&ntilde;os de la mediaci&oacute;n y la conciliaci&oacute;n en la entidad y con el objetivo de capacitar e intercambiar experiencias exitosas en el &aacute;mbito del derecho, llevamos a cabo el Segundo Congreso Internacional de Derecho en Mediaci&oacute;n y Conciliaci&oacute;n, con la participaci&oacute;n de ponentes de Argentina, Espa&ntilde;a, M&eacute;xico y Per&uacute;; creamos espacios de reflexi&oacute;n y de vanguardia con ideas que benefician al di&aacute;logo y la justicia alternativa posicionando al estado de Guanajuato como sede de eventos acad&eacute;micos de alto nivel. Asistieron m&aacute;s de 1 mil personas. <\/p>[\/vc_column_text][\/vc_column][\/vc_row][vc_row row_height_percent=&#8221;0&#8243; override_padding=&#8221;yes&#8221; h_padding=&#8221;5&#8243; top_padding=&#8221;2&#8243; bottom_padding=&#8221;4&#8243; overlay_alpha=&#8221;50&#8243; gutter_size=&#8221;0&#8243; column_width_percent=&#8221;100&#8243; shift_y=&#8221;0&#8243; z_index=&#8221;0&#8243; uncode_shortcode_id=&#8221;714453&#8243;][vc_column column_width_percent=&#8221;100&#8243; gutter_size=&#8221;3&#8243; overlay_alpha=&#8221;50&#8243; shift_x=&#8221;3&#8243; shift_y=&#8221;0&#8243; shift_y_down=&#8221;0&#8243; z_index=&#8221;2&#8243; medium_width=&#8221;0&#8243; mobile_width=&#8221;0&#8243; width=&#8221;1\/2&#8243; uncode_shortcode_id=&#8221;159168&#8243;][vc_single_image media=&#8221;181799&#8243; media_width_percent=&#8221;100&#8243; alignment=&#8221;center&#8221; css_animation=&#8221;zoom-in&#8221; uncode_shortcode_id=&#8221;394504&#8243;][\/vc_column][vc_column column_width_percent=&#8221;100&#8243; position_vertical=&#8221;middle&#8221; gutter_size=&#8221;0&#8243; override_padding=&#8221;yes&#8221; column_padding=&#8221;0&#8243; style=&#8221;dark&#8221; overlay_alpha=&#8221;50&#8243; shift_x=&#8221;0&#8243; shift_y=&#8221;0&#8243; shift_y_down=&#8221;0&#8243; z_index=&#8221;0&#8243; medium_width=&#8221;0&#8243; mobile_width=&#8221;0&#8243; width=&#8221;1\/2&#8243; uncode_shortcode_id=&#8221;667247&#8243;][vc_row_inner row_inner_height_percent=&#8221;0&#8243; overlay_alpha=&#8221;50&#8243; gutter_size=&#8221;0&#8243; shift_y=&#8221;0&#8243; z_index=&#8221;0&#8243; uncode_shortcode_id=&#8221;613377&#8243;][vc_column_inner column_width_percent=&#8221;100&#8243; position_vertical=&#8221;middle&#8221; align_horizontal=&#8221;align_right&#8221; gutter_size=&#8221;0&#8243; override_padding=&#8221;yes&#8221; column_padding=&#8221;2&#8243; back_color=&#8221;color-xsdn&#8221; overlay_alpha=&#8221;50&#8243; preserve_border=&#8221;yes&#8221; preserve_border_tablet=&#8221;yes&#8221; preserve_border_mobile=&#8221;yes&#8221; border_color=&#8221;color-189362&#8243; border_style=&#8221;solid&#8221; shift_x=&#8221;0&#8243; shift_y=&#8221;0&#8243; shift_y_down=&#8221;0&#8243; z_index=&#8221;0&#8243; medium_width=&#8221;0&#8243; align_mobile=&#8221;align_center_mobile&#8221; mobile_width=&#8221;0&#8243; css_animation=&#8221;left-t-right&#8221; animation_delay=&#8221;400&#8243; width=&#8221;1\/1&#8243; uncode_shortcode_id=&#8221;168589&#8243; back_color_type=&#8221;uncode-palette&#8221; css=&#8221;.vc_custom_1707931808916{border-top-width: 10px !important;border-right-width: 10px !important;border-bottom-width: 10px !important;border-left-width: 10px !important;}&#8221; border_color_type=&#8221;uncode-palette&#8221;][vc_custom_heading text_color=&#8221;color-189362&#8243; text_font=&#8221;font-175089&#8243; text_height=&#8221;&#8221; sub_reduced=&#8221;yes&#8221; uncode_shortcode_id=&#8221;132026&#8243; text_color_type=&#8221;uncode-palette&#8221; subheading=&#8221;de Derecho en Mediaci\u00f3n y Conciliaci\u00f3n&#8221;]2\u00ba. Congreso Internacional[\/vc_custom_heading][\/vc_column_inner][\/vc_row_inner][\/vc_column][\/vc_row][\/vc_section][vc_section back_image=&#8221;181816&#8243; back_repeat=&#8221;no-repeat&#8221; back_position=&#8221;center bottom&#8221; overlay_alpha=&#8221;100&#8243; uncode_shortcode_id=&#8221;122344&#8243; back_size=&#8221;cover&#8221; overlay_color_type=&#8221;uncode-gradient&#8221; overlay_color_gradient=&#8221;{&#8220;css&#8220;:&#8220;background: linear-gradient(to right , rgba(212, 0, 176, 0.9) 9% , rgba(212, 0, 176, 0.3) 76%);&#8220;,&#8220;sliders&#8220;:`{`{&#8220;color&#8220;:&#8220;rgba(212, 0, 176, 0.9)&#8220;,&#8220;position&#8220;:9},{&#8220;color&#8220;:&#8220;rgba(212, 0, 176, 0.3)&#8220;,&#8220;position&#8220;:76}`}`,&#8220;type&#8220;:&#8220;linear&#8220;,&#8220;direction&#8220;:&#8220;left&#8220;}&#8221;][vc_row unlock_row_content=&#8221;yes&#8221; row_height_percent=&#8221;0&#8243; override_padding=&#8221;yes&#8221; h_padding=&#8221;0&#8243; top_padding=&#8221;0&#8243; bottom_padding=&#8221;3&#8243; overlay_alpha=&#8221;50&#8243; gutter_size=&#8221;0&#8243; column_width_percent=&#8221;100&#8243; shift_y=&#8221;0&#8243; z_index=&#8221;0&#8243; uncode_shortcode_id=&#8221;117043&#8243; css=&#8221;.vc_custom_1707881078126{margin-top: 10% !important;padding-right: 10% !important;}&#8221;][vc_column column_width_percent=&#8221;100&#8243; position_horizontal=&#8221;left&#8221; gutter_size=&#8221;0&#8243; override_padding=&#8221;yes&#8221; column_padding=&#8221;3&#8243; style=&#8221;dark&#8221; back_color=&#8221;color-111951&#8243; back_image=&#8221;121226&#8243; back_repeat=&#8221;no-repeat&#8221; back_position=&#8221;center center&#8221; overlay_alpha=&#8221;50&#8243; shift_x=&#8221;0&#8243; shift_y=&#8221;0&#8243; shift_y_down=&#8221;0&#8243; z_index=&#8221;2&#8243; medium_width=&#8221;0&#8243; mobile_width=&#8221;7&#8243; css_animation=&#8221;left-t-right&#8221; radius=&#8221;xl&#8221; shadow=&#8221;std&#8221; width=&#8221;1\/1&#8243; uncode_shortcode_id=&#8221;190099&#8243; back_color_type=&#8221;uncode-palette&#8221; back_size=&#8221;cover&#8221;][vc_custom_heading text_color=&#8221;color-xsdn&#8221; heading_semantic=&#8221;h1&#8243; text_font=&#8221;font-175089&#8243; text_size=&#8221;h1&#8243; text_height=&#8221;&#8221; sub_lead=&#8221;yes&#8221; sub_reduced=&#8221;yes&#8221; uncode_shortcode_id=&#8221;911863&#8243; text_color_type=&#8221;uncode-palette&#8221;]<span style=\"color: #ffe9f7;\">Desarrollo<\/span> Humano y Social[\/vc_custom_heading][\/vc_column][\/vc_row][vc_row row_height_percent=&#8221;0&#8243; override_padding=&#8221;yes&#8221; h_padding=&#8221;5&#8243; top_padding=&#8221;2&#8243; bottom_padding=&#8221;4&#8243; overlay_alpha=&#8221;50&#8243; gutter_size=&#8221;3&#8243; column_width_percent=&#8221;100&#8243; shift_y=&#8221;0&#8243; z_index=&#8221;0&#8243; uncode_shortcode_id=&#8221;790248&#8243; css=&#8221;.vc_custom_1707881721134{margin-top: 25% !important;}&#8221;][vc_column column_width_percent=&#8221;100&#8243; gutter_size=&#8221;3&#8243; override_padding=&#8221;yes&#8221; column_padding=&#8221;0&#8243; style=&#8221;dark&#8221; overlay_alpha=&#8221;50&#8243; shift_x=&#8221;0&#8243; shift_y=&#8221;0&#8243; shift_y_down=&#8221;0&#8243; z_index=&#8221;2&#8243; medium_width=&#8221;0&#8243; mobile_width=&#8221;0&#8243; width=&#8221;5\/12&#8243; uncode_shortcode_id=&#8221;202346&#8243;][vc_row_inner row_inner_height_percent=&#8221;0&#8243; overlay_alpha=&#8221;50&#8243; gutter_size=&#8221;0&#8243; shift_y=&#8221;0&#8243; z_index=&#8221;0&#8243; desktop_visibility=&#8221;yes&#8221; medium_visibility=&#8221;yes&#8221; uncode_shortcode_id=&#8221;131637&#8243; css=&#8221;.vc_custom_1707931911619{margin-bottom: 30px !important;}&#8221;][vc_column_inner column_width_percent=&#8221;100&#8243; align_horizontal=&#8221;align_center&#8221; gutter_size=&#8221;0&#8243; override_padding=&#8221;yes&#8221; column_padding=&#8221;0&#8243; overlay_alpha=&#8221;50&#8243; shift_x=&#8221;0&#8243; shift_y=&#8221;0&#8243; shift_y_down=&#8221;0&#8243; z_index=&#8221;0&#8243; medium_width=&#8221;0&#8243; mobile_width=&#8221;0&#8243; width=&#8221;1\/1&#8243; uncode_shortcode_id=&#8221;123309&#8243;][vc_single_image media=&#8221;181816&#8243; media_width_percent=&#8221;100&#8243; media_ratio=&#8221;one-one&#8221; alignment=&#8221;center&#8221; shape=&#8221;img-round&#8221; shadow=&#8221;yes&#8221; shadow_weight=&#8221;std&#8221; shadow_darker=&#8221;yes&#8221; css_animation=&#8221;top-t-bottom&#8221; uncode_shortcode_id=&#8221;207770&#8243;][\/vc_column_inner][\/vc_row_inner][vc_column_text uncode_shortcode_id=&#8221;543785&#8243; el_class=&#8221;dropcap-des&#8221;]<p>Ha sido pol&iacute;tica de esta Administraci&oacute;n llevar m&aacute;s Guanajuato al mundo y traer m&aacute;s mundo a Guanajuato. Fuimos invitados por la Organizaci&oacute;n de las Naciones Unidas para la Educaci&oacute;n, la Ciencia y la Cultura, Unesco, para presentar el impacto social de la pol&iacute;tica del Valle de la Mentefactura durante el Foro Mundial de la Ciencia, realizado en Ciudad del Cabo, Sud&aacute;frica. <\/p><br \/>\n<p>Este foro es organizado por Unesco, la Academia H&uacute;ngara de la Ciencia y el Gobierno de Sud&aacute;frica. La tem&aacute;tica central fue sobre Ciencia para la Justicia Social y Guanajuato aport&oacute; buenas pr&aacute;cticas basadas en innovaci&oacute;n para resolver problem&aacute;ticas sociales m&aacute;s all&aacute; de nuestras fronteras. En este marco, el gobernador del estado tuvo un encuentro con el presidente de Sud&aacute;frica, Cyril Ramaphosa.<\/p>[\/vc_column_text][\/vc_column][vc_column column_width_percent=&#8221;100&#8243; position_vertical=&#8221;bottom&#8221; gutter_size=&#8221;0&#8243; override_padding=&#8221;yes&#8221; column_padding=&#8221;2&#8243; back_color=&#8221;color-xsdn&#8221; overlay_alpha=&#8221;50&#8243; preserve_border=&#8221;yes&#8221; preserve_border_tablet=&#8221;yes&#8221; preserve_border_mobile=&#8221;yes&#8221; border_color=&#8221;color-293385&#8243; border_style=&#8221;solid&#8221; shift_x=&#8221;0&#8243; shift_y=&#8221;0&#8243; shift_y_down=&#8221;0&#8243; z_index=&#8221;0&#8243; medium_width=&#8221;0&#8243; align_mobile=&#8221;align_center_mobile&#8221; mobile_width=&#8221;0&#8243; width=&#8221;7\/12&#8243; uncode_shortcode_id=&#8221;178352&#8243; back_color_type=&#8221;uncode-palette&#8221; border_color_type=&#8221;uncode-palette&#8221; css=&#8221;.vc_custom_1707932222338{border-top-width: 10px !important;border-right-width: 10px !important;border-bottom-width: 10px !important;border-left-width: 10px !important;}&#8221;][vc_icon icon_image=&#8221;181818&#8243; media_size=&#8221;100&#8243; heading_semantic=&#8221;h4&#8243; text_font=&#8221;font-175089&#8243; text_size=&#8221;h2&#8243; text_height=&#8221;&#8221; text_reduced=&#8221;yes&#8221; uncode_shortcode_id=&#8221;591427&#8243; title=&#8221;Valle de la Mentefactura&#8221;]PRESENTADO DURANTE EL FORO MUNDIAL DE LA CIENCIA EN SUD\u00c1FRICA[\/vc_icon][\/vc_column][\/vc_row][\/vc_section][vc_row row_height_percent=&#8221;0&#8243; override_padding=&#8221;yes&#8221; h_padding=&#8221;5&#8243; top_padding=&#8221;3&#8243; bottom_padding=&#8221;0&#8243; back_color=&#8221;color-891362&#8243; overlay_alpha=&#8221;50&#8243; equal_height=&#8221;yes&#8221; gutter_size=&#8221;3&#8243; column_width_percent=&#8221;100&#8243; shift_y=&#8221;0&#8243; z_index=&#8221;0&#8243; uncode_shortcode_id=&#8221;163651&#8243; back_color_type=&#8221;uncode-palette&#8221;][vc_column column_width_percent=&#8221;100&#8243; position_vertical=&#8221;bottom&#8221; align_horizontal=&#8221;align_center&#8221; gutter_size=&#8221;2&#8243; override_padding=&#8221;yes&#8221; column_padding=&#8221;0&#8243; overlay_alpha=&#8221;50&#8243; shift_x=&#8221;0&#8243; shift_y=&#8221;0&#8243; shift_y_down=&#8221;0&#8243; z_index=&#8221;0&#8243; align_medium=&#8221;align_center_tablet&#8221; medium_width=&#8221;0&#8243; align_mobile=&#8221;align_center_mobile&#8221; mobile_width=&#8221;0&#8243; width=&#8221;1\/2&#8243; uncode_shortcode_id=&#8221;130696&#8243;][vc_single_image media=&#8221;181862&#8243; media_width_percent=&#8221;100&#8243; alignment=&#8221;center&#8221; css_animation=&#8221;left-t-right&#8221; uncode_shortcode_id=&#8221;230886&#8243;][vc_row_inner row_inner_height_percent=&#8221;0&#8243; overlay_alpha=&#8221;50&#8243; gutter_size=&#8221;0&#8243; shift_y=&#8221;0&#8243; z_index=&#8221;0&#8243; uncode_shortcode_id=&#8221;181024&#8243;][vc_column_inner column_width_percent=&#8221;100&#8243; position_vertical=&#8221;middle&#8221; align_horizontal=&#8221;align_center&#8221; gutter_size=&#8221;0&#8243; override_padding=&#8221;yes&#8221; column_padding=&#8221;2&#8243; back_color=&#8221;color-xsdn&#8221; overlay_alpha=&#8221;50&#8243; preserve_border=&#8221;yes&#8221; preserve_border_tablet=&#8221;yes&#8221; preserve_border_mobile=&#8221;yes&#8221; border_color=&#8221;color-111951&#8243; border_style=&#8221;solid&#8221; shift_x=&#8221;0&#8243; shift_y=&#8221;0&#8243; shift_y_down=&#8221;-5&#8243; z_index=&#8221;2&#8243; medium_width=&#8221;0&#8243; mobile_width=&#8221;0&#8243; css_animation=&#8221;zoom-in&#8221; width=&#8221;1\/1&#8243; uncode_shortcode_id=&#8221;140241&#8243; back_color_type=&#8221;uncode-palette&#8221; css=&#8221;.vc_custom_1707932369774{border-top-width: 10px !important;border-right-width: 10px !important;border-bottom-width: 10px !important;border-left-width: 10px !important;}&#8221; border_color_type=&#8221;uncode-palette&#8221;][vc_custom_heading heading_semantic=&#8221;h6&#8243; text_font=&#8221;font-113956&#8243; text_size=&#8221;h6&#8243; text_weight=&#8221;600&#8243; text_transform=&#8221;uppercase&#8221; text_height=&#8221;&#8221; sub_lead=&#8221;small&#8221; sub_reduced=&#8221;yes&#8221; uncode_shortcode_id=&#8221;132113&#8243;]PARTICIPAMOS EN EL[\/vc_custom_heading][vc_custom_heading text_color=&#8221;color-111951&#8243; text_font=&#8221;font-175089&#8243; text_weight=&#8221;900&#8243; text_height=&#8221;&#8221; sub_reduced=&#8221;yes&#8221; uncode_shortcode_id=&#8221;170086&#8243; text_color_type=&#8221;uncode-palette&#8221; subheading=&#8221;EFECTUADO EN GINEBRA, SUIZA&#8221;]Foro Mundial del Refugiado 2023[\/vc_custom_heading][\/vc_column_inner][\/vc_row_inner][\/vc_column][vc_column column_width_percent=&#8221;100&#8243; gutter_size=&#8221;3&#8243; override_padding=&#8221;yes&#8221; column_padding=&#8221;0&#8243; overlay_alpha=&#8221;50&#8243; shift_x=&#8221;0&#8243; shift_y=&#8221;0&#8243; shift_y_down=&#8221;0&#8243; z_index=&#8221;0&#8243; medium_width=&#8221;0&#8243; mobile_width=&#8221;0&#8243; width=&#8221;1\/2&#8243; uncode_shortcode_id=&#8221;102040&#8243; css=&#8221;.vc_custom_1707936805237{padding-top: 30px !important;padding-bottom: 30px !important;}&#8221;][vc_column_text uncode_shortcode_id=&#8221;360760&#8243;]<p>Somos uno de los tres estados invitados por el Alto Comisionado de las Naciones Unidas para los Refugiados, Acnur, para realizar un diagn&oacute;stico y un plan de mejora que permita la protecci&oacute;n de los derechos humanos de las personas refugiadas, el cual se present&oacute; en el Foro Mundial del Refugiado 2023, en Ginebra, Suiza. Ello nos permite estrechar lazos de cooperaci&oacute;n a nivel internacional.<\/p><br \/>\n<p>Guanajuato se consolida como epicentro internacional de pol&iacute;tica migratoria. Fuimos el &uacute;nico gobierno subnacional en M&eacute;xico considerado para colaborar en la publicaci&oacute;n Mejores pr&aacute;cticas de acci&oacute;n exterior desde la mirada regional, coordinada por Fundaci&oacute;n Konrad Adenauer, la Delegaci&oacute;n del Gobierno de Catalunya en M&eacute;xico y en Centroam&eacute;rica, Paradiplomacia.org y el Centro de Investigaci&oacute;n y Docencia Econ&oacute;micas, CIDE. Como parte de esta agenda, el Estado de Guanajuato se present&oacute; en el Congreso de la Asociaci&oacute;n Mexicana de Oficinas de Asuntos Internacionales de los Estados, Amei, en Catalunya Espa&ntilde;a.<\/p><br \/>\n<p>En Guanajuato s&iacute; sumamos. Realizamos el Encuentro Nacional de L&iacute;deres Migrantes en California, Estados Unidos de Am&eacute;rica, para mantener la cercan&iacute;a, el di&aacute;logo y conocer de viva voz el inter&eacute;s de nuestros paisanos de participar en las decisiones de nuestro estado en los &uacute;ltimos 30 a&ntilde;os.<\/p>[\/vc_column_text][\/vc_column][\/vc_row][vc_row unlock_row_content=&#8221;yes&#8221; row_height_percent=&#8221;0&#8243; override_padding=&#8221;yes&#8221; h_padding=&#8221;0&#8243; top_padding=&#8221;0&#8243; bottom_padding=&#8221;0&#8243; back_color=&#8221;color-891362&#8243; overlay_alpha=&#8221;50&#8243; gutter_size=&#8221;0&#8243; column_width_percent=&#8221;100&#8243; shift_y=&#8221;0&#8243; z_index=&#8221;0&#8243; uncode_shortcode_id=&#8221;199631&#8243; back_color_type=&#8221;uncode-palette&#8221;][vc_column column_width_percent=&#8221;100&#8243; align_horizontal=&#8221;align_center&#8221; gutter_size=&#8221;0&#8243; override_padding=&#8221;yes&#8221; column_padding=&#8221;0&#8243; overlay_alpha=&#8221;50&#8243; shift_x=&#8221;0&#8243; shift_y=&#8221;0&#8243; shift_y_down=&#8221;0&#8243; z_index=&#8221;0&#8243; medium_width=&#8221;0&#8243; mobile_width=&#8221;0&#8243; width=&#8221;1\/1&#8243; uncode_shortcode_id=&#8221;615923&#8243;][vc_single_image media=&#8221;181863&#8243; media_width_percent=&#8221;100&#8243; alignment=&#8221;center&#8221; css_animation=&#8221;top-t-bottom&#8221; uncode_shortcode_id=&#8221;111758&#8243;][vc_single_image media=&#8221;181876&#8243; media_width_percent=&#8221;100&#8243; alignment=&#8221;center&#8221; css_animation=&#8221;top-t-bottom&#8221; uncode_shortcode_id=&#8221;209546&#8243;][\/vc_column][\/vc_row][vc_row row_height_percent=&#8221;0&#8243; override_padding=&#8221;yes&#8221; h_padding=&#8221;5&#8243; top_padding=&#8221;0&#8243; bottom_padding=&#8221;2&#8243; back_color=&#8221;color-891362&#8243; overlay_alpha=&#8221;50&#8243; equal_height=&#8221;yes&#8221; gutter_size=&#8221;3&#8243; column_width_percent=&#8221;100&#8243; shift_y=&#8221;0&#8243; z_index=&#8221;0&#8243; uncode_shortcode_id=&#8221;978442&#8243; back_color_type=&#8221;uncode-palette&#8221;][vc_column column_width_percent=&#8221;100&#8243; align_horizontal=&#8221;align_center&#8221; gutter_size=&#8221;3&#8243; override_padding=&#8221;yes&#8221; column_padding=&#8221;0&#8243; overlay_alpha=&#8221;50&#8243; shift_x=&#8221;0&#8243; shift_y=&#8221;0&#8243; shift_y_down=&#8221;0&#8243; z_index=&#8221;0&#8243; medium_width=&#8221;0&#8243; mobile_width=&#8221;7&#8243; width=&#8221;1\/2&#8243; uncode_shortcode_id=&#8221;560093&#8243;][vc_column_text uncode_shortcode_id=&#8221;199021&#8243;]<p>Mantenemos una agenda global activa. Desde 2019 buscamos alianzas estrat&eacute;gicas y las mejores pr&aacute;cticas para la prevenci&oacute;n de adicciones, lo que nos llev&oacute; a colaborar con Planet Youth en Reikiavyk, Islandia.<\/p><br \/>\n<p>Gracias a ello, realizamos censos anuales a estudiantes de tercero de secundaria en todo el estado, para conocer la prevalencia en el consumo de sustancias psicoactivas y la presencia de factores protectores. Tambi&eacute;n conocemos la capacidad municipal y estatal para dar respuesta a los problemas identificados. Actualmente continuamos con la implementaci&oacute;n de los proyectos locales con acciones priorizadas en colaboraci&oacute;n con la ciudadan&iacute;a, autoridades locales y el sector privado.<\/p><br \/>\n<p>Como parte de las actividades de divulgaci&oacute;n y difusi&oacute;n de nuestra experiencia participamos en diferentes foros de orden internacional.<\/p><br \/>\n<p>Trascendemos l&iacute;mites geogr&aacute;ficos para construir cada vez m&aacute;s puentes al conocimiento. A trav&eacute;s del programa Educaci&oacute;n Sin Fronteras, brindamos atenci&oacute;n en el extranjero a los migrantes de origen guanajuatense residentes, repatriados, refugiados y sus familias, que se encuentran en situaci&oacute;n de rezago educativo.<\/p><br \/>\n<p>Este programa fue generado y propuesto por Guanajuato y ya se instituy&oacute; a nivel federal.<\/p><br \/>\n<p>A trav&eacute;s de Educaci&oacute;n Sin Fronteras atendimos a m&aacute;s de 1 mil 860 migrantes y sus familias. Adem&aacute;s, en colaboraci&oacute;n con la Secretar&iacute;a del Migrante y Enlace Internacional, Clubes, Federaciones y Asociaciones de Migrantes, se realizaron jornadas educativas en ciudades de Estados Unidos de Am&eacute;rica como Chicago, Dallas, Houston, Los &Aacute;ngeles y Palacios.<\/p>[\/vc_column_text][\/vc_column][vc_column column_width_percent=&#8221;100&#8243; align_horizontal=&#8221;align_center&#8221; gutter_size=&#8221;3&#8243; override_padding=&#8221;yes&#8221; column_padding=&#8221;0&#8243; overlay_alpha=&#8221;50&#8243; shift_x=&#8221;0&#8243; shift_y=&#8221;0&#8243; shift_y_down=&#8221;0&#8243; z_index=&#8221;0&#8243; medium_width=&#8221;0&#8243; mobile_width=&#8221;0&#8243; sticky=&#8221;yes&#8221; width=&#8221;1\/2&#8243; uncode_shortcode_id=&#8221;513337&#8243;][vc_row_inner row_inner_height_percent=&#8221;0&#8243; overlay_alpha=&#8221;50&#8243; gutter_size=&#8221;0&#8243; shift_y=&#8221;0&#8243; z_index=&#8221;0&#8243; uncode_shortcode_id=&#8221;122106&#8243; css=&#8221;.vc_custom_1707882239506{padding-right: 10% !important;padding-left: 10% !important;}&#8221;][vc_column_inner column_width_percent=&#8221;100&#8243; position_vertical=&#8221;middle&#8221; align_horizontal=&#8221;align_center&#8221; gutter_size=&#8221;0&#8243; override_padding=&#8221;yes&#8221; column_padding=&#8221;2&#8243; back_color=&#8221;color-xsdn&#8221; overlay_alpha=&#8221;50&#8243; preserve_border=&#8221;yes&#8221; preserve_border_tablet=&#8221;yes&#8221; preserve_border_mobile=&#8221;yes&#8221; border_color=&#8221;color-111951&#8243; border_style=&#8221;solid&#8221; shift_x=&#8221;0&#8243; shift_y=&#8221;-5&#8243; shift_y_down=&#8221;0&#8243; z_index=&#8221;2&#8243; medium_width=&#8221;0&#8243; mobile_width=&#8221;0&#8243; css_animation=&#8221;zoom-in&#8221; width=&#8221;1\/1&#8243; uncode_shortcode_id=&#8221;231140&#8243; back_color_type=&#8221;uncode-palette&#8221; css=&#8221;.vc_custom_1707882758617{border-top-width: 10px !important;border-right-width: 10px !important;border-bottom-width: 10px !important;border-left-width: 10px !important;}&#8221; border_color_type=&#8221;uncode-palette&#8221;][vc_custom_heading heading_semantic=&#8221;h6&#8243; text_font=&#8221;font-113956&#8243; text_size=&#8221;h6&#8243; text_weight=&#8221;600&#8243; text_transform=&#8221;uppercase&#8221; text_height=&#8221;&#8221; sub_lead=&#8221;small&#8221; sub_reduced=&#8221;yes&#8221; uncode_shortcode_id=&#8221;191786&#8243;]Incorporamos las mejores pr\u00e1cticas para la [\/vc_custom_heading][vc_custom_heading text_color=&#8221;color-111951&#8243; text_font=&#8221;font-175089&#8243; text_weight=&#8221;900&#8243; text_height=&#8221;&#8221; sub_reduced=&#8221;yes&#8221; uncode_shortcode_id=&#8221;948756&#8243; text_color_type=&#8221;uncode-palette&#8221;]prevenci\u00f3n de adicciones[\/vc_custom_heading][\/vc_column_inner][\/vc_row_inner][vc_custom_heading text_color=&#8221;color-111951&#8243; heading_semantic=&#8221;h3&#8243; text_font=&#8221;font-175089&#8243; text_size=&#8221;h3&#8243; text_height=&#8221;&#8221; uncode_shortcode_id=&#8221;190118&#8243; text_color_type=&#8221;uncode-palette&#8221;]Usuarios que concluyeron nivel a trav\u00e9s de Educaci\u00f3n Sin Fronteras[\/vc_custom_heading][vc_single_image media=&#8221;182152&#8243; media_width_percent=&#8221;100&#8243; alignment=&#8221;center&#8221; css_animation=&#8221;right-t-left&#8221; uncode_shortcode_id=&#8221;712758&#8243;][vc_column_text text_lead=&#8221;small&#8221; uncode_shortcode_id=&#8221;181070&#8243;]<em>Fuente: Instituto de Alfabetizaci\u00f3n y Educaci\u00f3n B\u00e1sica para Adultos del Estado de Guanajuato<\/em>[\/vc_column_text][\/vc_column][\/vc_row][vc_row row_height_percent=&#8221;0&#8243; override_padding=&#8221;yes&#8221; h_padding=&#8221;5&#8243; top_padding=&#8221;2&#8243; bottom_padding=&#8221;0&#8243; back_color=&#8221;color-891362&#8243; overlay_alpha=&#8221;50&#8243; equal_height=&#8221;yes&#8221; gutter_size=&#8221;3&#8243; column_width_percent=&#8221;100&#8243; border_style=&#8221;solid&#8221; shift_y=&#8221;0&#8243; z_index=&#8221;0&#8243; inverted_device_order=&#8221;yes&#8221; uncode_shortcode_id=&#8221;113412&#8243; back_color_type=&#8221;uncode-palette&#8221;][vc_column column_width_percent=&#8221;100&#8243; align_horizontal=&#8221;align_center&#8221; gutter_size=&#8221;3&#8243; override_padding=&#8221;yes&#8221; column_padding=&#8221;0&#8243; overlay_alpha=&#8221;50&#8243; shift_x=&#8221;0&#8243; shift_y=&#8221;0&#8243; shift_y_down=&#8221;0&#8243; z_index=&#8221;0&#8243; medium_width=&#8221;0&#8243; mobile_width=&#8221;7&#8243; width=&#8221;1\/1&#8243; uncode_shortcode_id=&#8221;356665&#8243;][vc_separator sep_color=&#8221;color-111951&#8243; uncode_shortcode_id=&#8221;316312&#8243; sep_color_type=&#8221;uncode-palette&#8221; el_width=&#8221;100%&#8221; el_height=&#8221;2px&#8221;][vc_column_text uncode_shortcode_id=&#8221;836603&#8243;]<p>Gestionamos ante el consulado de M&eacute;xico en Texas que el certificado de primaria y secundaria emitido por el instituto pueda ser considerado como documento de identificaci&oacute;n oficial para los usuarios guanajuatenses radicados en Estados Unidos de Am&eacute;rica. Dicho documento cuenta con c&oacute;digos QR que despliegan los datos de identidad de los beneficiarios y son &uacute;tiles para la consulta de las autoridades.<\/p><br \/>\n<p>As&iacute; es como seguimos trabajando para formar ciudadanos del mundo y construir una red global de aprendizaje que lleve a m&aacute;s personas a nuevas alturas educativas.<\/p><br \/>\n<p>Las buenas costumbres y los h&aacute;bitos se heredan de generaci&oacute;n en generaci&oacute;n. Se concret&oacute; para Guanajuato la implementaci&oacute;n del programa Joy of Moving, una metodolog&iacute;a que integra la participaci&oacute;n de mujeres, hombres y personas adultas mayores que viven en las comunidades m&aacute;s vulnerables del estado y promueven un estilo de vida activo en la ni&ntilde;ez.<\/p><br \/>\n<p>Hoy m&aacute;s que nunca creemos en el talento, capacidad e inteligencia de nuestros j&oacute;venes, mismo que debemos incentivar para que logren cualquier meta que tengan en mente.<\/p><br \/>\n<p>Respaldada por el programa internacional Empleo Decente para los J&oacute;venes de la Agencia de las Naciones Unidas para el Trabajo, creamos la estrategia Juvempresa, que genera las condiciones para acceder a un empleo digno. Guanajuato es la primera entidad de M&eacute;xico y la segunda en Latinoam&eacute;rica en formalizar una alianza para atender este tema. Integramos a m&aacute;s de 50 empresas guanajuatenses, que fomentan espacios adecuados para la profesionalizaci&oacute;n y convivencia intergeneracional.<\/p>[\/vc_column_text][\/vc_column][\/vc_row][vc_row row_height_percent=&#8221;0&#8243; override_padding=&#8221;yes&#8221; h_padding=&#8221;5&#8243; top_padding=&#8221;2&#8243; bottom_padding=&#8221;0&#8243; back_color=&#8221;color-891362&#8243; overlay_alpha=&#8221;50&#8243; gutter_size=&#8221;3&#8243; column_width_percent=&#8221;100&#8243; shift_y=&#8221;0&#8243; z_index=&#8221;0&#8243; uncode_shortcode_id=&#8221;152255&#8243; back_color_type=&#8221;uncode-palette&#8221;][vc_column column_width_percent=&#8221;100&#8243; align_horizontal=&#8221;align_center&#8221; gutter_size=&#8221;0&#8243; override_padding=&#8221;yes&#8221; column_padding=&#8221;0&#8243; overlay_alpha=&#8221;50&#8243; shift_x=&#8221;4&#8243; shift_y=&#8221;0&#8243; shift_y_down=&#8221;0&#8243; z_index=&#8221;0&#8243; medium_width=&#8221;0&#8243; mobile_width=&#8221;7&#8243; width=&#8221;1\/2&#8243; uncode_shortcode_id=&#8221;385832&#8243;][vc_single_image media=&#8221;181893&#8243; media_width_percent=&#8221;100&#8243; alignment=&#8221;center&#8221; css_animation=&#8221;left-t-right&#8221; uncode_shortcode_id=&#8221;157695&#8243;][\/vc_column][vc_column column_width_percent=&#8221;100&#8243; position_vertical=&#8221;middle&#8221; align_horizontal=&#8221;align_center&#8221; gutter_size=&#8221;0&#8243; override_padding=&#8221;yes&#8221; column_padding=&#8221;0&#8243; overlay_alpha=&#8221;50&#8243; shift_x=&#8221;0&#8243; shift_y=&#8221;0&#8243; shift_y_down=&#8221;0&#8243; z_index=&#8221;0&#8243; medium_width=&#8221;0&#8243; mobile_width=&#8221;0&#8243; width=&#8221;1\/2&#8243; uncode_shortcode_id=&#8221;200179&#8243;][vc_row_inner row_inner_height_percent=&#8221;0&#8243; overlay_alpha=&#8221;50&#8243; gutter_size=&#8221;0&#8243; shift_y=&#8221;0&#8243; z_index=&#8221;0&#8243; uncode_shortcode_id=&#8221;935534&#8243; css=&#8221;.vc_custom_1707883935091{padding-right: 10% !important;padding-left: 10% !important;}&#8221;][vc_column_inner column_width_percent=&#8221;100&#8243; position_vertical=&#8221;middle&#8221; align_horizontal=&#8221;align_center&#8221; gutter_size=&#8221;0&#8243; override_padding=&#8221;yes&#8221; column_padding=&#8221;2&#8243; back_color=&#8221;color-xsdn&#8221; overlay_alpha=&#8221;50&#8243; preserve_border=&#8221;yes&#8221; preserve_border_tablet=&#8221;yes&#8221; preserve_border_mobile=&#8221;yes&#8221; border_color=&#8221;color-111951&#8243; border_style=&#8221;solid&#8221; shift_x=&#8221;0&#8243; shift_y=&#8221;0&#8243; shift_y_down=&#8221;0&#8243; z_index=&#8221;2&#8243; medium_width=&#8221;0&#8243; mobile_width=&#8221;0&#8243; css_animation=&#8221;zoom-in&#8221; width=&#8221;1\/1&#8243; uncode_shortcode_id=&#8221;188211&#8243; back_color_type=&#8221;uncode-palette&#8221; css=&#8221;.vc_custom_1707884123130{border-top-width: 10px !important;border-right-width: 10px !important;border-bottom-width: 10px !important;border-left-width: 10px !important;}&#8221; border_color_type=&#8221;uncode-palette&#8221;][vc_custom_heading heading_semantic=&#8221;h6&#8243; text_font=&#8221;font-113956&#8243; text_size=&#8221;h6&#8243; text_weight=&#8221;600&#8243; text_transform=&#8221;uppercase&#8221; text_height=&#8221;&#8221; sub_lead=&#8221;small&#8221; sub_reduced=&#8221;yes&#8221; uncode_shortcode_id=&#8221;769036&#8243;]promovemos un estilo de vida activo en[\/vc_custom_heading][vc_custom_heading text_color=&#8221;color-111951&#8243; text_font=&#8221;font-175089&#8243; text_weight=&#8221;900&#8243; text_transform=&#8221;uppercase&#8221; text_height=&#8221;&#8221; sub_reduced=&#8221;yes&#8221; uncode_shortcode_id=&#8221;180455&#8243; text_color_type=&#8221;uncode-palette&#8221;]nuestra ni\u00f1ez[\/vc_custom_heading][\/vc_column_inner][\/vc_row_inner][\/vc_column][\/vc_row][vc_row unlock_row_content=&#8221;yes&#8221; row_height_percent=&#8221;0&#8243; override_padding=&#8221;yes&#8221; h_padding=&#8221;0&#8243; top_padding=&#8221;0&#8243; bottom_padding=&#8221;0&#8243; back_color=&#8221;color-891362&#8243; overlay_alpha=&#8221;50&#8243; gutter_size=&#8221;0&#8243; column_width_percent=&#8221;100&#8243; shift_y=&#8221;0&#8243; z_index=&#8221;0&#8243; uncode_shortcode_id=&#8221;199631&#8243; back_color_type=&#8221;uncode-palette&#8221;][vc_column column_width_percent=&#8221;100&#8243; align_horizontal=&#8221;align_center&#8221; gutter_size=&#8221;0&#8243; override_padding=&#8221;yes&#8221; column_padding=&#8221;0&#8243; overlay_alpha=&#8221;50&#8243; shift_x=&#8221;0&#8243; shift_y=&#8221;0&#8243; shift_y_down=&#8221;0&#8243; z_index=&#8221;0&#8243; medium_width=&#8221;0&#8243; mobile_width=&#8221;0&#8243; width=&#8221;1\/1&#8243; uncode_shortcode_id=&#8221;615923&#8243;][vc_single_image media=&#8221;181892&#8243; media_width_percent=&#8221;100&#8243; alignment=&#8221;center&#8221; css_animation=&#8221;top-t-bottom&#8221; uncode_shortcode_id=&#8221;120623&#8243;][\/vc_column][\/vc_row][vc_row row_height_percent=&#8221;0&#8243; override_padding=&#8221;yes&#8221; h_padding=&#8221;5&#8243; top_padding=&#8221;3&#8243; bottom_padding=&#8221;0&#8243; back_color=&#8221;color-891362&#8243; overlay_alpha=&#8221;50&#8243; equal_height=&#8221;yes&#8221; gutter_size=&#8221;3&#8243; column_width_percent=&#8221;100&#8243; shift_y=&#8221;0&#8243; z_index=&#8221;0&#8243; uncode_shortcode_id=&#8221;137241&#8243; back_color_type=&#8221;uncode-palette&#8221;][vc_column column_width_percent=&#8221;100&#8243; align_horizontal=&#8221;align_center&#8221; gutter_size=&#8221;3&#8243; override_padding=&#8221;yes&#8221; column_padding=&#8221;0&#8243; overlay_alpha=&#8221;50&#8243; shift_x=&#8221;0&#8243; shift_y=&#8221;0&#8243; shift_y_down=&#8221;0&#8243; z_index=&#8221;0&#8243; medium_width=&#8221;0&#8243; mobile_width=&#8221;7&#8243; width=&#8221;7\/12&#8243; uncode_shortcode_id=&#8221;560093&#8243;][vc_column_text uncode_shortcode_id=&#8221;186739&#8243;]<p>Guanajuato fue sede del XVII Periodo de Sesiones del Grupo de Trabajo del Protocolo de San Salvador de la Organizaci&oacute;n de Estados Americanos, OEA. En ese marco, firmamos un Acuerdo con dicho organismo internacional para monitorear el avance regional de los derechos econ&oacute;micos, sociales, culturales y ambientales de las personas con discapacidad.<\/p><br \/>\n<p>Ser&aacute; una gu&iacute;a que nos permitir&aacute; tener mediciones que sirvan como base de las decisiones sobre las pol&iacute;ticas p&uacute;blicas encaminadas a mejorar la situaci&oacute;n de este sector social en Guanajuato y ser&aacute; tambi&eacute;n un instrumento de utilidad para el pa&iacute;s y el continente.<\/p><br \/>\n<p>Guanajuato se fortalece como un referente en materia de discapacidad. A trav&eacute;s de un proyecto conjunto entre Organizaciones de la Sociedad Civil de Guanajuato y de Espa&ntilde;a y representantes de la iniciativa privada, damos los primeros pasos hacia un nuevo modelo de inclusi&oacute;n y atenci&oacute;n a las personas con discapacidad, en lo que ser&aacute; un Centro de Desarrollo Laboral Incluyente.<\/p>[\/vc_column_text][\/vc_column][vc_column column_width_percent=&#8221;100&#8243; position_vertical=&#8221;middle&#8221; align_horizontal=&#8221;align_center&#8221; gutter_size=&#8221;0&#8243; override_padding=&#8221;yes&#8221; column_padding=&#8221;0&#8243; overlay_alpha=&#8221;50&#8243; shift_x=&#8221;0&#8243; shift_y=&#8221;0&#8243; shift_y_down=&#8221;0&#8243; z_index=&#8221;0&#8243; medium_width=&#8221;0&#8243; mobile_width=&#8221;0&#8243; width=&#8221;5\/12&#8243; uncode_shortcode_id=&#8221;160489&#8243;][vc_row_inner row_inner_height_percent=&#8221;0&#8243; overlay_alpha=&#8221;50&#8243; gutter_size=&#8221;0&#8243; shift_y=&#8221;0&#8243; z_index=&#8221;0&#8243; uncode_shortcode_id=&#8221;671563&#8243;][vc_column_inner column_width_percent=&#8221;100&#8243; position_vertical=&#8221;middle&#8221; align_horizontal=&#8221;align_center&#8221; gutter_size=&#8221;0&#8243; override_padding=&#8221;yes&#8221; column_padding=&#8221;2&#8243; back_color=&#8221;color-xsdn&#8221; overlay_alpha=&#8221;50&#8243; preserve_border=&#8221;yes&#8221; preserve_border_tablet=&#8221;yes&#8221; preserve_border_mobile=&#8221;yes&#8221; border_color=&#8221;color-111951&#8243; border_style=&#8221;solid&#8221; shift_x=&#8221;0&#8243; shift_y=&#8221;0&#8243; shift_y_down=&#8221;0&#8243; z_index=&#8221;2&#8243; medium_width=&#8221;0&#8243; mobile_width=&#8221;0&#8243; css_animation=&#8221;zoom-in&#8221; width=&#8221;1\/1&#8243; uncode_shortcode_id=&#8221;150388&#8243; back_color_type=&#8221;uncode-palette&#8221; css=&#8221;.vc_custom_1707884304747{border-top-width: 10px !important;border-right-width: 10px !important;border-bottom-width: 10px !important;border-left-width: 10px !important;}&#8221; border_color_type=&#8221;uncode-palette&#8221;][vc_custom_heading heading_semantic=&#8221;h6&#8243; text_font=&#8221;font-113956&#8243; text_size=&#8221;h6&#8243; text_weight=&#8221;600&#8243; text_transform=&#8221;uppercase&#8221; text_height=&#8221;&#8221; sub_lead=&#8221;small&#8221; sub_reduced=&#8221;yes&#8221; uncode_shortcode_id=&#8221;160304&#8243;]Modelo de[\/vc_custom_heading][vc_custom_heading text_color=&#8221;color-111951&#8243; text_font=&#8221;font-175089&#8243; text_weight=&#8221;900&#8243; text_height=&#8221;&#8221; sub_reduced=&#8221;yes&#8221; uncode_shortcode_id=&#8221;168395&#8243; text_color_type=&#8221;uncode-palette&#8221;]inclusi\u00f3n y atenci\u00f3n a las personas con discapacidad[\/vc_custom_heading][\/vc_column_inner][\/vc_row_inner][\/vc_column][\/vc_row][vc_row row_height_percent=&#8221;0&#8243; override_padding=&#8221;yes&#8221; h_padding=&#8221;5&#8243; top_padding=&#8221;0&#8243; bottom_padding=&#8221;0&#8243; back_color=&#8221;color-891362&#8243; overlay_alpha=&#8221;50&#8243; equal_height=&#8221;yes&#8221; gutter_size=&#8221;3&#8243; column_width_percent=&#8221;100&#8243; border_style=&#8221;solid&#8221; shift_y=&#8221;0&#8243; z_index=&#8221;0&#8243; inverted_device_order=&#8221;yes&#8221; uncode_shortcode_id=&#8221;279812&#8243; back_color_type=&#8221;uncode-palette&#8221;][vc_column column_width_percent=&#8221;100&#8243; align_horizontal=&#8221;align_center&#8221; gutter_size=&#8221;3&#8243; override_padding=&#8221;yes&#8221; column_padding=&#8221;0&#8243; overlay_alpha=&#8221;50&#8243; shift_x=&#8221;0&#8243; shift_y=&#8221;0&#8243; shift_y_down=&#8221;0&#8243; z_index=&#8221;0&#8243; medium_width=&#8221;0&#8243; mobile_width=&#8221;7&#8243; width=&#8221;1\/1&#8243; uncode_shortcode_id=&#8221;356665&#8243;][vc_single_image media=&#8221;182159&#8243; media_width_percent=&#8221;100&#8243; alignment=&#8221;center&#8221; css_animation=&#8221;zoom-in&#8221; uncode_shortcode_id=&#8221;107530&#8243;][vc_column_text text_lead=&#8221;small&#8221; uncode_shortcode_id=&#8221;206029&#8243;]<em>Fuente: Instituto Guanajuatense para las Personas con Discapacidad<\/em>[\/vc_column_text][\/vc_column][\/vc_row][vc_row row_height_percent=&#8221;0&#8243; override_padding=&#8221;yes&#8221; h_padding=&#8221;3&#8243; top_padding=&#8221;2&#8243; bottom_padding=&#8221;3&#8243; back_color=&#8221;color-891362&#8243; overlay_alpha=&#8221;50&#8243; equal_height=&#8221;yes&#8221; gutter_size=&#8221;3&#8243; column_width_percent=&#8221;100&#8243; shift_y=&#8221;0&#8243; z_index=&#8221;0&#8243; uncode_shortcode_id=&#8221;192518&#8243; back_color_type=&#8221;uncode-palette&#8221;][vc_column column_width_percent=&#8221;100&#8243; gutter_size=&#8221;0&#8243; override_padding=&#8221;yes&#8221; column_padding=&#8221;0&#8243; overlay_alpha=&#8221;50&#8243; shift_x=&#8221;0&#8243; shift_y=&#8221;0&#8243; shift_y_down=&#8221;0&#8243; z_index=&#8221;0&#8243; medium_width=&#8221;0&#8243; mobile_width=&#8221;0&#8243; width=&#8221;1\/4&#8243; uncode_shortcode_id=&#8221;178533&#8243;][vc_custom_heading text_color=&#8221;color-143881&#8243; heading_semantic=&#8221;h3&#8243; text_font=&#8221;font-175089&#8243; text_size=&#8221;h3&#8243; text_height=&#8221;&#8221; sub_reduced=&#8221;yes&#8221; uncode_shortcode_id=&#8221;126256&#8243; text_color_type=&#8221;uncode-palette&#8221; subheading=&#8221;Recursos humanos para operaci\u00f3n&#8221;]01. Organizaciones de la Sociedad Civil[\/vc_custom_heading][\/vc_column][vc_column column_width_percent=&#8221;100&#8243; gutter_size=&#8221;0&#8243; override_padding=&#8221;yes&#8221; column_padding=&#8221;0&#8243; overlay_alpha=&#8221;50&#8243; shift_x=&#8221;0&#8243; shift_y=&#8221;0&#8243; shift_y_down=&#8221;0&#8243; z_index=&#8221;0&#8243; medium_width=&#8221;0&#8243; mobile_width=&#8221;0&#8243; width=&#8221;1\/4&#8243; uncode_shortcode_id=&#8221;118541&#8243;][vc_custom_heading text_color=&#8221;color-143881&#8243; heading_semantic=&#8221;h3&#8243; text_font=&#8221;font-175089&#8243; text_size=&#8221;h3&#8243; text_height=&#8221;&#8221; sub_reduced=&#8221;yes&#8221; uncode_shortcode_id=&#8221;154409&#8243; text_color_type=&#8221;uncode-palette&#8221; subheading=&#8221;Generar condiciones normativas, operativas y de funcionamiento&#8221;]02. Gobierno[\/vc_custom_heading][\/vc_column][vc_column column_width_percent=&#8221;100&#8243; gutter_size=&#8221;0&#8243; override_padding=&#8221;yes&#8221; column_padding=&#8221;0&#8243; overlay_alpha=&#8221;50&#8243; shift_x=&#8221;0&#8243; shift_y=&#8221;0&#8243; shift_y_down=&#8221;0&#8243; z_index=&#8221;0&#8243; medium_width=&#8221;0&#8243; mobile_width=&#8221;0&#8243; width=&#8221;1\/4&#8243; uncode_shortcode_id=&#8221;570546&#8243;][vc_custom_heading text_color=&#8221;color-143881&#8243; heading_semantic=&#8221;h3&#8243; text_font=&#8221;font-175089&#8243; text_size=&#8221;h3&#8243; text_height=&#8221;&#8221; sub_reduced=&#8221;yes&#8221; uncode_shortcode_id=&#8221;173559&#8243; text_color_type=&#8221;uncode-palette&#8221; subheading=&#8221;Capacitaci\u00f3n y formaci\u00f3n de personas con discapacidad intelectual para una vida independiente y actividad laboral&#8221;]03. Centro de inclusi\u00f3n laboral[\/vc_custom_heading][\/vc_column][vc_column column_width_percent=&#8221;100&#8243; gutter_size=&#8221;0&#8243; override_padding=&#8221;yes&#8221; column_padding=&#8221;0&#8243; overlay_alpha=&#8221;50&#8243; shift_x=&#8221;0&#8243; shift_y=&#8221;0&#8243; shift_y_down=&#8221;0&#8243; z_index=&#8221;0&#8243; medium_width=&#8221;0&#8243; mobile_width=&#8221;0&#8243; width=&#8221;1\/4&#8243; uncode_shortcode_id=&#8221;385328&#8243;][vc_custom_heading text_color=&#8221;color-143881&#8243; heading_semantic=&#8221;h3&#8243; text_font=&#8221;font-175089&#8243; text_size=&#8221;h3&#8243; text_height=&#8221;&#8221; sub_reduced=&#8221;yes&#8221; uncode_shortcode_id=&#8221;107493&#8243; text_color_type=&#8221;uncode-palette&#8221; subheading=&#8221;Colaboraci\u00f3n en ambiente laboral&#8221;]04. Iniciativa privada[\/vc_custom_heading][\/vc_column][\/vc_row][vc_section back_image=&#8221;181939&#8243; back_repeat=&#8221;no-repeat&#8221; back_position=&#8221;center top&#8221; overlay_alpha=&#8221;0&#8243; uncode_shortcode_id=&#8221;860834&#8243; back_size=&#8221;cover&#8221;][vc_row unlock_row_content=&#8221;yes&#8221; row_height_percent=&#8221;0&#8243; override_padding=&#8221;yes&#8221; h_padding=&#8221;0&#8243; top_padding=&#8221;0&#8243; bottom_padding=&#8221;3&#8243; overlay_alpha=&#8221;50&#8243; gutter_size=&#8221;0&#8243; column_width_percent=&#8221;100&#8243; shift_y=&#8221;0&#8243; z_index=&#8221;0&#8243; uncode_shortcode_id=&#8221;168752&#8243; css=&#8221;.vc_custom_1707932849226{margin-top: 10% !important;padding-right: 20% !important;}&#8221;][vc_column column_width_percent=&#8221;100&#8243; position_horizontal=&#8221;left&#8221; gutter_size=&#8221;0&#8243; override_padding=&#8221;yes&#8221; column_padding=&#8221;3&#8243; style=&#8221;dark&#8221; back_color=&#8221;color-121136&#8243; back_image=&#8221;121406&#8243; back_repeat=&#8221;no-repeat&#8221; back_position=&#8221;center center&#8221; overlay_alpha=&#8221;50&#8243; shift_x=&#8221;0&#8243; shift_y=&#8221;0&#8243; shift_y_down=&#8221;0&#8243; z_index=&#8221;2&#8243; medium_width=&#8221;0&#8243; mobile_width=&#8221;7&#8243; css_animation=&#8221;left-t-right&#8221; radius=&#8221;xl&#8221; shadow=&#8221;std&#8221; width=&#8221;1\/1&#8243; uncode_shortcode_id=&#8221;166848&#8243; back_color_type=&#8221;uncode-palette&#8221; back_size=&#8221;cover&#8221;][vc_custom_heading text_color=&#8221;color-xsdn&#8221; heading_semantic=&#8221;h1&#8243; text_font=&#8221;font-175089&#8243; text_size=&#8221;h1&#8243; text_height=&#8221;&#8221; sub_lead=&#8221;yes&#8221; sub_reduced=&#8221;yes&#8221; uncode_shortcode_id=&#8221;139284&#8243; text_color_type=&#8221;uncode-palette&#8221;]<span style=\"color: #d4dbf2;\">Educaci\u00f3n<\/span> de Calidad[\/vc_custom_heading][\/vc_column][\/vc_row][vc_row unlock_row_content=&#8221;yes&#8221; row_height_percent=&#8221;0&#8243; override_padding=&#8221;yes&#8221; h_padding=&#8221;0&#8243; top_padding=&#8221;0&#8243; bottom_padding=&#8221;4&#8243; overlay_alpha=&#8221;50&#8243; gutter_size=&#8221;3&#8243; column_width_percent=&#8221;100&#8243; shift_y=&#8221;0&#8243; z_index=&#8221;0&#8243; uncode_shortcode_id=&#8221;109290&#8243;][vc_column column_width_percent=&#8221;100&#8243; gutter_size=&#8221;0&#8243; override_padding=&#8221;yes&#8221; column_padding=&#8221;3&#8243; overlay_alpha=&#8221;50&#8243; preserve_border=&#8221;yes&#8221; preserve_border_tablet=&#8221;yes&#8221; preserve_border_mobile=&#8221;yes&#8221; border_color=&#8221;color-121136&#8243; border_style=&#8221;solid&#8221; shift_x=&#8221;0&#8243; shift_y=&#8221;0&#8243; shift_y_down=&#8221;0&#8243; z_index=&#8221;2&#8243; medium_width=&#8221;0&#8243; mobile_width=&#8221;0&#8243; width=&#8221;1\/2&#8243; uncode_shortcode_id=&#8221;191970&#8243; back_color_type=&#8221;uncode-gradient&#8221; back_color_gradient=&#8221;{&#8220;css&#8220;:&#8220;background: linear-gradient(to right , rgba(255, 255, 255, 0.85) , rgba(255, 255, 255, 0.85) 100%);&#8220;,&#8220;sliders&#8220;:`{`{&#8220;color&#8220;:&#8220;rgba(255, 255, 255, 0.85)&#8220;,&#8220;position&#8220;:0},{&#8220;color&#8220;:&#8220;rgba(255, 255, 255, 0.85)&#8220;,&#8220;position&#8220;:100}`}`,&#8220;type&#8220;:&#8220;linear&#8220;,&#8220;direction&#8220;:&#8220;left&#8220;}&#8221; css=&#8221;.vc_custom_1707885972102{border-top-width: 10px !important;border-right-width: 10px !important;border-bottom-width: 10px !important;}&#8221; border_color_type=&#8221;uncode-palette&#8221;][vc_row_inner row_inner_height_percent=&#8221;0&#8243; overlay_alpha=&#8221;50&#8243; gutter_size=&#8221;0&#8243; shift_y=&#8221;0&#8243; z_index=&#8221;0&#8243; desktop_visibility=&#8221;yes&#8221; medium_visibility=&#8221;yes&#8221; uncode_shortcode_id=&#8221;163269&#8243; css=&#8221;.vc_custom_1707932863620{margin-bottom: 30px !important;}&#8221;][vc_column_inner column_width_percent=&#8221;100&#8243; align_horizontal=&#8221;align_center&#8221; gutter_size=&#8221;0&#8243; override_padding=&#8221;yes&#8221; column_padding=&#8221;0&#8243; overlay_alpha=&#8221;50&#8243; shift_x=&#8221;0&#8243; shift_y=&#8221;0&#8243; shift_y_down=&#8221;0&#8243; z_index=&#8221;0&#8243; medium_width=&#8221;0&#8243; mobile_width=&#8221;0&#8243; width=&#8221;1\/1&#8243; uncode_shortcode_id=&#8221;123309&#8243;][vc_single_image media=&#8221;181939&#8243; media_width_percent=&#8221;100&#8243; media_ratio=&#8221;one-one&#8221; alignment=&#8221;center&#8221; shape=&#8221;img-round&#8221; shadow=&#8221;yes&#8221; shadow_weight=&#8221;std&#8221; shadow_darker=&#8221;yes&#8221; css_animation=&#8221;top-t-bottom&#8221; uncode_shortcode_id=&#8221;152652&#8243;][\/vc_column_inner][\/vc_row_inner][vc_column_text uncode_shortcode_id=&#8221;213798&#8243; el_class=&#8221;dropcap-ed&#8221;]<p>Con m&aacute;s Guanajuato en el mundo y m&aacute;s mundo en Guanajuato favorecemos oportunidades de desarrollo educativo y profesional en nuestros j&oacute;venes. Durante esta Administraci&oacute;n, m&aacute;s de 783 estudiantes tuvieron la oportunidad de viajar a pa&iacute;ses como Alemania, Canad&aacute;, China, Colombia, Espa&ntilde;a, Estados Unidos de Am&eacute;rica, Islandia, Jap&oacute;n, Reino Unido y Rep&uacute;blica Checa. Durante la pandemia, 2 mil 672 alumnos pudieron cumplir sus sue&ntilde;os de tener una inmersi&oacute;n virtual en una cultura extranjera, todo ello con una inversi&oacute;n de 14 millones 494 mil 168 pesos.<\/p><br \/>\n<p>M&aacute;s Jap&oacute;n en Guanajuato. Como resultado del hermanamiento con la prefectura de Hiroshima, reafirmamos los lazos con el programa de Intercambio Juvenil para fomentar la cultura de paz, al enviar y recibir 27 estudiantes de EMS. Con este tipo de acciones se contribuye a mantener la colaboraci&oacute;n entre ambas naciones plasmados en el Acuerdo de Amistad y Entendimiento firmado entre el Gobierno de la Prefectura de Hiroshima y el Gobierno del Estado de Guanajuato.<\/p><br \/>\n<p>El aprendizaje de un segundo idioma permite a nuestros estudiantes y docentes la participaci&oacute;n activa en la ciudadan&iacute;a global. A partir del 2022 la plataforma Guanajuato Biling&uuml;e que alberga la UVEG es una herramienta para el aprendizaje de una segunda lengua y el desarrollo de habilidades cognitivas en la comunidad educativa de secundaria, media superior y superior; con ello beneficiamos a 41 mil 552 estudiantes y docentes en los idiomas alem&aacute;n, franc&eacute;s, japon&eacute;s e ingl&eacute;s.<\/p>[\/vc_column_text][\/vc_column][vc_column column_width_percent=&#8221;100&#8243; gutter_size=&#8221;0&#8243; override_padding=&#8221;yes&#8221; column_padding=&#8221;2&#8243; overlay_alpha=&#8221;50&#8243; shift_x=&#8221;0&#8243; shift_y=&#8221;0&#8243; shift_y_down=&#8221;0&#8243; z_index=&#8221;0&#8243; medium_width=&#8221;0&#8243; mobile_width=&#8221;0&#8243; width=&#8221;1\/2&#8243; uncode_shortcode_id=&#8221;192555&#8243;][\/vc_column][\/vc_row][\/vc_section][vc_row row_height_percent=&#8221;0&#8243; override_padding=&#8221;yes&#8221; h_padding=&#8221;2&#8243; top_padding=&#8221;3&#8243; bottom_padding=&#8221;3&#8243; back_color=&#8221;color-207167&#8243; overlay_alpha=&#8221;50&#8243; gutter_size=&#8221;3&#8243; column_width_percent=&#8221;100&#8243; shift_y=&#8221;0&#8243; z_index=&#8221;0&#8243; uncode_shortcode_id=&#8221;166247&#8243; back_color_type=&#8221;uncode-palette&#8221;][vc_column column_width_percent=&#8221;100&#8243; gutter_size=&#8221;0&#8243; override_padding=&#8221;yes&#8221; column_padding=&#8221;0&#8243; overlay_alpha=&#8221;50&#8243; shift_x=&#8221;0&#8243; shift_y=&#8221;0&#8243; shift_y_down=&#8221;0&#8243; z_index=&#8221;0&#8243; medium_width=&#8221;0&#8243; mobile_width=&#8221;0&#8243; width=&#8221;5\/12&#8243; uncode_shortcode_id=&#8221;964455&#8243;][vc_column_text uncode_shortcode_id=&#8221;153027&#8243;]<p>Somos miembros de la Academia ODS4-Educa de la Unesco y en colaboraci&oacute;n con el Sistema de la Integraci&oacute;n Centroamericana, CECC\/SICA, la Fundaci&oacute;n SES de Argentina y el Parlamento Centroamericano se convoc&oacute; a los equipos t&eacute;cnicos de los Ministerios de Educaci&oacute;n de Belice, Costa Rica, El Salvador, Guatemala, Honduras, M&eacute;xico, Nicaragua, Panam&aacute; y Rep&uacute;blica Dominicana para tener un espacio de formaci&oacute;n, di&aacute;logo y cooperaci&oacute;n en favor de la inclusi&oacute;n educativa.<\/p><br \/>\n<p>Se destac&oacute; el Pacto Social por la Educaci&oacute;n como la principal estrategia del gobierno estatal para hacer frente a los desaf&iacute;os educativos en el Encuentro regional de alto nivel Compromiso para la Acci&oacute;n sobre los Aprendizajes B&aacute;sicos y su Recuperaci&oacute;n: &iexcl;Am&eacute;rica Latina y el Caribe se comprometen!, junto a ministros y secretarios de educaci&oacute;n nacionales y subnacionales de Argentina, Brasil, Chile, Colombia, Costa Rica, Ecuador, El Salvador, Hait&iacute;, Honduras, Jamaica, Panam&aacute;, Rep&uacute;blica Dominicana y Uruguay.<\/p><br \/>\n<p>En Washington DC se llev&oacute; a cabo el primer encuentro de ministros pertenecientes a la Comunidad Araucaria para abordar el tema de la educaci&oacute;n en Am&eacute;rica Latina. Guanajuato fue invitado para ser parte de esta comunidad que busca ofrecer espacios de formaci&oacute;n, estrechar v&iacute;nculos entre los ministros, intercambiar ideas y generar encuentros con actores educativos globales estrat&eacute;gicos para transformar la educaci&oacute;n a nivel regional. Adem&aacute;s, han tenido reuniones posteriores en Bogot&aacute; Colombia y en Mendoza, Argentina para dar continuidad a los trabajos de la comunidad.<\/p><br \/>\n<p>Se han formalizado convenios que impactan en el desarrollo de la formaci&oacute;n de la comunidad acad&eacute;mica, como el de capacitaci&oacute;n y estudio de la lengua francesa en docentes de media superior a trav&eacute;s de la Embajada de Francia y el Instituto Franc&eacute;s de Am&eacute;rica Latina. Con el Ministerio de Educaci&oacute;n de la regi&oacute;n de la Columbia Brit&aacute;nica se fomentan los intercambios acad&eacute;micos, buenas pr&aacute;cticas y colaboraci&oacute;n docente con la regi&oacute;n en Canad&aacute;.<\/p><br \/>\n<p>Se han desarrollado programas para que docentes puedan hacer pasant&iacute;as en distritos escolares en Texas, Estados Unidos de Am&eacute;rica y capacitaci&oacute;n en l&iacute;nea con foros educativos y de buenas pr&aacute;cticas docentes con ponentes internacionales.<\/p>[\/vc_column_text][\/vc_column][vc_column column_width_percent=&#8221;100&#8243; align_horizontal=&#8221;align_right&#8221; gutter_size=&#8221;0&#8243; override_padding=&#8221;yes&#8221; column_padding=&#8221;0&#8243; overlay_alpha=&#8221;50&#8243; shift_x=&#8221;0&#8243; shift_y=&#8221;0&#8243; shift_y_down=&#8221;0&#8243; z_index=&#8221;0&#8243; medium_width=&#8221;0&#8243; mobile_width=&#8221;0&#8243; sticky=&#8221;yes&#8221; width=&#8221;7\/12&#8243; uncode_shortcode_id=&#8221;201553&#8243;][vc_row_inner row_inner_height_percent=&#8221;0&#8243; overlay_alpha=&#8221;50&#8243; gutter_size=&#8221;0&#8243; shift_y=&#8221;0&#8243; z_index=&#8221;0&#8243; uncode_shortcode_id=&#8221;296628&#8243; css=&#8221;.vc_custom_1707933219275{padding-right: 5% !important;padding-left: 5% !important;}&#8221;][vc_column_inner column_width_percent=&#8221;100&#8243; position_vertical=&#8221;middle&#8221; align_horizontal=&#8221;align_center&#8221; gutter_size=&#8221;0&#8243; override_padding=&#8221;yes&#8221; column_padding=&#8221;2&#8243; style=&#8221;dark&#8221; back_color=&#8221;color-121917&#8243; overlay_alpha=&#8221;50&#8243; shift_x=&#8221;0&#8243; shift_y=&#8221;0&#8243; shift_y_down=&#8221;-5&#8243; shift_y_down_fixed=&#8221;yes&#8221; z_index=&#8221;2&#8243; medium_width=&#8221;0&#8243; mobile_width=&#8221;0&#8243; css_animation=&#8221;left-t-right&#8221; radius=&#8221;xl&#8221; shadow=&#8221;std&#8221; width=&#8221;1\/1&#8243; uncode_shortcode_id=&#8221;129375&#8243; back_color_type=&#8221;uncode-palette&#8221;][vc_custom_heading heading_semantic=&#8221;h6&#8243; text_font=&#8221;font-113956&#8243; text_size=&#8221;h6&#8243; text_weight=&#8221;600&#8243; text_transform=&#8221;uppercase&#8221; text_height=&#8221;&#8221; sub_lead=&#8221;small&#8221; sub_reduced=&#8221;yes&#8221; uncode_shortcode_id=&#8221;153743&#8243;]Fomentamos la internacionalidad e interculturalidad de nuestros docentes para enfrentar el reto de lo global[\/vc_custom_heading][\/vc_column_inner][\/vc_row_inner][vc_single_image media=&#8221;182161&#8243; media_width_percent=&#8221;100&#8243; alignment=&#8221;right&#8221; css_animation=&#8221;right-t-left&#8221; uncode_shortcode_id=&#8221;159101&#8243;][\/vc_column][\/vc_row][vc_row row_height_percent=&#8221;0&#8243; override_padding=&#8221;yes&#8221; h_padding=&#8221;5&#8243; top_padding=&#8221;2&#8243; bottom_padding=&#8221;0&#8243; back_color=&#8221;color-207167&#8243; overlay_alpha=&#8221;50&#8243; gutter_size=&#8221;0&#8243; column_width_percent=&#8221;100&#8243; shift_y=&#8221;0&#8243; z_index=&#8221;0&#8243; uncode_shortcode_id=&#8221;736579&#8243; back_color_type=&#8221;uncode-palette&#8221;][vc_column column_width_percent=&#8221;100&#8243; gutter_size=&#8221;3&#8243; override_padding=&#8221;yes&#8221; column_padding=&#8221;0&#8243; overlay_alpha=&#8221;50&#8243; shift_x=&#8221;0&#8243; shift_y=&#8221;0&#8243; shift_y_down=&#8221;0&#8243; z_index=&#8221;0&#8243; medium_width=&#8221;0&#8243; mobile_width=&#8221;0&#8243; width=&#8221;1\/1&#8243; uncode_shortcode_id=&#8221;305058&#8243;][vc_separator sep_color=&#8221;color-121136&#8243; uncode_shortcode_id=&#8221;194094&#8243; sep_color_type=&#8221;uncode-palette&#8221; el_width=&#8221;100%&#8221; el_height=&#8221;2px&#8221;][vc_column_text uncode_shortcode_id=&#8221;280899&#8243; css=&#8221;.vc_custom_1707930161619{margin-top: 60px !important;}&#8221;]<p>Aplicamos las mejores pr&aacute;cticas de educaci&oacute;n f&iacute;sica a nivel mundial. En 2021 se firm&oacute; el convenio de colaboraci&oacute;n con Ferrero de M&eacute;xico para poner en marcha la metodolog&iacute;a Joy of Moving, desarrollada en conjunto con la Universidad de Roma y el Comit&eacute; Ol&iacute;mpico Italiano, por lo que somos la entidad pionera del pa&iacute;s en aplicarla, lo que ha permitido la activaci&oacute;n f&iacute;sica de m&aacute;s de 187 mil 741 estudiantes de primaria y 1 mil 100 docentes.<\/p><br \/>\n<p>Guanajuato se posiciona a nivel mundial con la firma de m&aacute;s de 80 convenios con prestigiosas instituciones internacionales como The Washington Center, Singapur University, Westcliff University, Royal Roads, Emiratos Academy, Tel Aviv University, entre otras. Gracias a esto tenemos presencia en m&aacute;s de 10 pa&iacute;ses como Alemania, Australia, Canad&aacute;, China, Emiratos &Aacute;rabes, Estados Unidos de Am&eacute;rica, Francia, Israel, Jap&oacute;n, Reino Unido y Singapur.<\/p><br \/>\n<p>Pusimos en marcha el Modelo de Naciones Unidas para la infancia en Guanajuato, un modelo &uacute;nico que ha trabajado con estudiantes de educaci&oacute;n b&aacute;sica para que puedan conocer de forma l&uacute;dica el formato de debate de naciones.<\/p>[\/vc_column_text][vc_row_inner row_inner_height_percent=&#8221;0&#8243; overlay_alpha=&#8221;50&#8243; gutter_size=&#8221;0&#8243; shift_y=&#8221;0&#8243; z_index=&#8221;0&#8243; uncode_shortcode_id=&#8221;725038&#8243; css=&#8221;.vc_custom_1707887339992{border-right-width: 25% !important;border-left-width: 25% !important;}&#8221;][vc_column_inner column_width_percent=&#8221;100&#8243; position_vertical=&#8221;middle&#8221; align_horizontal=&#8221;align_center&#8221; gutter_size=&#8221;0&#8243; override_padding=&#8221;yes&#8221; column_padding=&#8221;2&#8243; back_color=&#8221;color-xsdn&#8221; overlay_alpha=&#8221;50&#8243; preserve_border=&#8221;yes&#8221; preserve_border_tablet=&#8221;yes&#8221; preserve_border_mobile=&#8221;yes&#8221; border_color=&#8221;color-121136&#8243; border_style=&#8221;solid&#8221; shift_x=&#8221;0&#8243; shift_y=&#8221;0&#8243; shift_y_down=&#8221;-3&#8243; shift_y_down_fixed=&#8221;yes&#8221; z_index=&#8221;2&#8243; medium_width=&#8221;0&#8243; mobile_width=&#8221;0&#8243; css_animation=&#8221;zoom-in&#8221; width=&#8221;1\/1&#8243; uncode_shortcode_id=&#8221;167777&#8243; back_color_type=&#8221;uncode-palette&#8221; css=&#8221;.vc_custom_1707933379873{border-top-width: 10px !important;border-right-width: 10px !important;border-bottom-width: 10px !important;border-left-width: 10px !important;}&#8221; border_color_type=&#8221;uncode-palette&#8221;][vc_column_text text_lead=&#8221;yes&#8221; uncode_shortcode_id=&#8221;100641&#8243;]<\/p>\n<p style=\"text-align: center;\">FIRMAMOS M\u00c1S DE<\/p>\n<p>[\/vc_column_text][vc_custom_heading text_color=&#8221;color-121136&#8243; text_font=&#8221;font-175089&#8243; text_height=&#8221;&#8221; sub_reduced=&#8221;yes&#8221; uncode_shortcode_id=&#8221;130559&#8243; text_color_type=&#8221;uncode-palette&#8221; subheading=&#8221;CON PRESTIGIOSAS INSTITUCIONES INTERNACIONALES&#8221;]80 <span style=\"color: #808080;\">convenios<\/span>[\/vc_custom_heading][\/vc_column_inner][\/vc_row_inner][\/vc_column][\/vc_row][vc_row unlock_row_content=&#8221;yes&#8221; row_height_percent=&#8221;0&#8243; override_padding=&#8221;yes&#8221; h_padding=&#8221;0&#8243; top_padding=&#8221;0&#8243; bottom_padding=&#8221;0&#8243; back_color=&#8221;color-207167&#8243; overlay_alpha=&#8221;50&#8243; gutter_size=&#8221;0&#8243; column_width_percent=&#8221;100&#8243; shift_y=&#8221;0&#8243; z_index=&#8221;0&#8243; uncode_shortcode_id=&#8221;106085&#8243; back_color_type=&#8221;uncode-palette&#8221;][vc_column column_width_percent=&#8221;100&#8243; align_horizontal=&#8221;align_center&#8221; gutter_size=&#8221;0&#8243; override_padding=&#8221;yes&#8221; column_padding=&#8221;0&#8243; overlay_alpha=&#8221;50&#8243; shift_x=&#8221;0&#8243; shift_y=&#8221;0&#8243; shift_y_down=&#8221;0&#8243; z_index=&#8221;0&#8243; medium_width=&#8221;0&#8243; mobile_width=&#8221;0&#8243; width=&#8221;1\/1&#8243; uncode_shortcode_id=&#8221;615923&#8243;][vc_single_image media=&#8221;181976&#8243; media_width_percent=&#8221;100&#8243; alignment=&#8221;center&#8221; css_animation=&#8221;top-t-bottom&#8221; uncode_shortcode_id=&#8221;187427&#8243;][\/vc_column][\/vc_row][vc_section back_image=&#8221;181983&#8243; back_repeat=&#8221;no-repeat&#8221; back_position=&#8221;left top&#8221; overlay_alpha=&#8221;0&#8243; uncode_shortcode_id=&#8221;192926&#8243; back_size=&#8221;cover&#8221;][vc_row unlock_row_content=&#8221;yes&#8221; row_height_percent=&#8221;0&#8243; override_padding=&#8221;yes&#8221; h_padding=&#8221;0&#8243; top_padding=&#8221;4&#8243; bottom_padding=&#8221;4&#8243; overlay_alpha=&#8221;50&#8243; gutter_size=&#8221;3&#8243; column_width_percent=&#8221;100&#8243; shift_y=&#8221;0&#8243; z_index=&#8221;0&#8243; uncode_shortcode_id=&#8221;517410&#8243;][vc_column column_width_percent=&#8221;100&#8243; position_vertical=&#8221;bottom&#8221; align_horizontal=&#8221;align_center&#8221; gutter_size=&#8221;0&#8243; override_padding=&#8221;yes&#8221; column_padding=&#8221;2&#8243; overlay_alpha=&#8221;50&#8243; shift_x=&#8221;0&#8243; shift_y=&#8221;0&#8243; shift_y_down=&#8221;0&#8243; z_index=&#8221;0&#8243; medium_width=&#8221;0&#8243; mobile_width=&#8221;0&#8243; width=&#8221;1\/2&#8243; uncode_shortcode_id=&#8221;673761&#8243;][vc_row_inner row_inner_height_percent=&#8221;0&#8243; overlay_alpha=&#8221;50&#8243; gutter_size=&#8221;0&#8243; shift_y=&#8221;0&#8243; z_index=&#8221;0&#8243; desktop_visibility=&#8221;yes&#8221; medium_visibility=&#8221;yes&#8221; uncode_shortcode_id=&#8221;972020&#8243; css=&#8221;.vc_custom_1707933432763{margin-bottom: 30px !important;}&#8221;][vc_column_inner column_width_percent=&#8221;100&#8243; align_horizontal=&#8221;align_center&#8221; gutter_size=&#8221;0&#8243; override_padding=&#8221;yes&#8221; column_padding=&#8221;0&#8243; overlay_alpha=&#8221;50&#8243; shift_x=&#8221;0&#8243; shift_y=&#8221;0&#8243; shift_y_down=&#8221;0&#8243; z_index=&#8221;0&#8243; medium_width=&#8221;0&#8243; mobile_width=&#8221;0&#8243; width=&#8221;1\/1&#8243; uncode_shortcode_id=&#8221;123309&#8243;][vc_single_image media=&#8221;181983&#8243; media_width_percent=&#8221;100&#8243; media_ratio=&#8221;one-one&#8221; alignment=&#8221;center&#8221; shape=&#8221;img-round&#8221; shadow=&#8221;yes&#8221; shadow_weight=&#8221;std&#8221; shadow_darker=&#8221;yes&#8221; css_animation=&#8221;top-t-bottom&#8221; uncode_shortcode_id=&#8221;132585&#8243;][\/vc_column_inner][\/vc_row_inner][vc_row_inner row_inner_height_percent=&#8221;0&#8243; overlay_alpha=&#8221;50&#8243; gutter_size=&#8221;0&#8243; shift_y=&#8221;0&#8243; z_index=&#8221;0&#8243; uncode_shortcode_id=&#8221;671563&#8243;][vc_column_inner column_width_percent=&#8221;100&#8243; position_vertical=&#8221;middle&#8221; align_horizontal=&#8221;align_center&#8221; gutter_size=&#8221;0&#8243; override_padding=&#8221;yes&#8221; column_padding=&#8221;2&#8243; style=&#8221;dark&#8221; back_color=&#8221;color-121917&#8243; overlay_alpha=&#8221;50&#8243; shift_x=&#8221;0&#8243; shift_y=&#8221;0&#8243; shift_y_down=&#8221;0&#8243; z_index=&#8221;2&#8243; medium_width=&#8221;0&#8243; mobile_width=&#8221;0&#8243; css_animation=&#8221;left-t-right&#8221; radius=&#8221;xl&#8221; shadow=&#8221;std&#8221; width=&#8221;1\/1&#8243; uncode_shortcode_id=&#8221;111198&#8243; back_color_type=&#8221;uncode-palette&#8221;][vc_custom_heading heading_semantic=&#8221;h6&#8243; text_font=&#8221;font-113956&#8243; text_size=&#8221;h6&#8243; text_weight=&#8221;600&#8243; text_transform=&#8221;uppercase&#8221; text_height=&#8221;&#8221; sub_lead=&#8221;small&#8221; sub_reduced=&#8221;yes&#8221; uncode_shortcode_id=&#8221;154603&#8243;]Nuestros docentes y estudiantes tienen acceso a carreras pertinente a las demandas de la sociedad y sector productivo[\/vc_custom_heading][\/vc_column_inner][\/vc_row_inner][\/vc_column][vc_column column_width_percent=&#8221;100&#8243; position_vertical=&#8221;middle&#8221; gutter_size=&#8221;0&#8243; override_padding=&#8221;yes&#8221; column_padding=&#8221;3&#8243; overlay_alpha=&#8221;50&#8243; preserve_border=&#8221;yes&#8221; preserve_border_tablet=&#8221;yes&#8221; preserve_border_mobile=&#8221;yes&#8221; border_color=&#8221;color-121136&#8243; border_style=&#8221;solid&#8221; shift_x=&#8221;0&#8243; shift_y=&#8221;0&#8243; shift_y_down=&#8221;0&#8243; z_index=&#8221;2&#8243; medium_width=&#8221;0&#8243; mobile_width=&#8221;0&#8243; width=&#8221;1\/2&#8243; uncode_shortcode_id=&#8221;235633&#8243; back_color_type=&#8221;uncode-gradient&#8221; back_color_gradient=&#8221;{&#8220;css&#8220;:&#8220;background: linear-gradient(to right , rgba(255, 255, 255, 0.85) , rgba(255, 255, 255, 0.85) 100%);&#8220;,&#8220;sliders&#8220;:`{`{&#8220;color&#8220;:&#8220;rgba(255, 255, 255, 0.85)&#8220;,&#8220;position&#8220;:0},{&#8220;color&#8220;:&#8220;rgba(255, 255, 255, 0.85)&#8220;,&#8220;position&#8220;:100}`}`,&#8220;type&#8220;:&#8220;linear&#8220;,&#8220;direction&#8220;:&#8220;left&#8220;}&#8221; css=&#8221;.vc_custom_1707887548947{border-top-width: 10px !important;border-bottom-width: 10px !important;border-left-width: 10px !important;}&#8221; border_color_type=&#8221;uncode-palette&#8221;][vc_column_text uncode_shortcode_id=&#8221;198389&#8243;]<p>Los vinos de Guanajuato son reconocidos a nivel internacional con premios que reflejan su excelencia, as&iacute; como la calidad de sus productores. En esta Administraci&oacute;n ofrecemos programas educativos pertinentes a la vocaci&oacute;n vitivin&iacute;cola, al tiempo que, con la firma de diversos convenios como el celebrado con la Universidad Cat&oacute;lica de Cuyo, en Mendoza, Argentina, abrazamos la innovaci&oacute;n y formamos capital humano especializado en enolog&iacute;a, enoturismo y agrotecnolog&iacute;a.<\/p><br \/>\n<p>Otro de los convenios fue con la Universidad Tecnol&oacute;gica de Parras, Coahuila y las Universidades Tecnol&oacute;gicas de San Miguel de Allende y del Norte de Guanajuato, que permite a estudiantes y docentes realizar pr&aacute;cticas y conocer procesos de elaboraci&oacute;n del vino y visitar bodegas de la regi&oacute;n, algunas con 100 a&ntilde;os de antig&uuml;edad de procesos artesanales y otras contempor&aacute;neas con procesos industrializados que emplean tecnolog&iacute;as de punta.<\/p><br \/>\n<p>Con 51 ediciones, el Festival Internacional Cervantino es, sin discusi&oacute;n, el mayor festival art&iacute;stico de Latinoam&eacute;rica y Guanajuato su sede insustituible. A&ntilde;o con a&ntilde;o ha sido una ventana a la excelencia y la diversidad de expresiones est&eacute;ticas del mundo. Pese a las limitaciones puestas por la pandemia, que oblig&oacute; a una edici&oacute;n virtual y a una h&iacute;brida, la fiesta del esp&iacute;ritu mantuvo el paso y en sus &uacute;ltimas cinco ediciones acogi&oacute; 659 propuestas de 9 mil artistas y agrupaciones de 152 pa&iacute;ses.<\/p><br \/>\n<p>Gracias a sus festivales culturales, como el Cervantino, Guanajuato ha abierto ventanas hacia la riqueza cultural del mundo; pero tambi&eacute;n ha apostado fuertemente por proyectar su patrimonio cultural y sus talentos m&aacute;s all&aacute; de las fronteras. Durante el &uacute;ltimo lustro, nuestra entidad se ha sumado a proyectos internacionales como la exposici&oacute;n Olga Costa, di&aacute;logos con el modernismo mexicano, en Alemania o la Semana de M&eacute;xico, en Espa&ntilde;a. Ha favorecido tambi&eacute;n proyectos de colaboraci&oacute;n binacional, como Bach, proyecto de danza y Alas de mariposa, as&iacute; como participaciones en seminarios y coloquios multinacionales en &aacute;reas como la educaci&oacute;n musical y museos.<\/p>[\/vc_column_text][\/vc_column][\/vc_row][\/vc_section][vc_section back_image=&#8221;181994&#8243; back_repeat=&#8221;no-repeat&#8221; back_position=&#8221;left top&#8221; overlay_alpha=&#8221;85&#8243; uncode_shortcode_id=&#8221;121914&#8243; back_size=&#8221;cover&#8221; overlay_color_type=&#8221;uncode-gradient&#8221; overlay_color_gradient=&#8221;{&#8220;css&#8220;:&#8220;background: linear-gradient(to bottom , rgba(0, 0, 0, 0) 45% , rgb(0, 0, 0) 100%);&#8220;,&#8220;sliders&#8220;:`{`{&#8220;color&#8220;:&#8220;rgba(0, 0, 0, 0)&#8220;,&#8220;position&#8220;:45},{&#8220;color&#8220;:&#8220;rgb(0, 0, 0)&#8220;,&#8220;position&#8220;:100}`}`,&#8220;type&#8220;:&#8220;linear&#8220;,&#8220;direction&#8220;:&#8220;top&#8220;}&#8221;][vc_row row_height_percent=&#8221;100&#8243; override_padding=&#8221;yes&#8221; h_padding=&#8221;5&#8243; top_padding=&#8221;4&#8243; bottom_padding=&#8221;4&#8243; overlay_alpha=&#8221;50&#8243; gutter_size=&#8221;3&#8243; column_width_percent=&#8221;100&#8243; shift_y=&#8221;0&#8243; z_index=&#8221;0&#8243; uncode_shortcode_id=&#8221;654577&#8243;][vc_column column_width_percent=&#8221;100&#8243; position_vertical=&#8221;bottom&#8221; align_horizontal=&#8221;align_center&#8221; gutter_size=&#8221;0&#8243; override_padding=&#8221;yes&#8221; column_padding=&#8221;2&#8243; overlay_alpha=&#8221;50&#8243; shift_x=&#8221;0&#8243; shift_y=&#8221;0&#8243; shift_y_down=&#8221;0&#8243; z_index=&#8221;0&#8243; medium_width=&#8221;0&#8243; mobile_width=&#8221;0&#8243; width=&#8221;1\/2&#8243; uncode_shortcode_id=&#8221;673761&#8243;][\/vc_column][vc_column column_width_percent=&#8221;100&#8243; position_vertical=&#8221;bottom&#8221; gutter_size=&#8221;3&#8243; override_padding=&#8221;yes&#8221; column_padding=&#8221;0&#8243; style=&#8221;dark&#8221; overlay_alpha=&#8221;50&#8243; shift_x=&#8221;0&#8243; shift_y=&#8221;0&#8243; shift_y_down=&#8221;0&#8243; z_index=&#8221;2&#8243; medium_width=&#8221;0&#8243; mobile_width=&#8221;0&#8243; width=&#8221;1\/2&#8243; uncode_shortcode_id=&#8221;155531&#8243;][vc_row_inner row_inner_height_percent=&#8221;0&#8243; overlay_alpha=&#8221;50&#8243; gutter_size=&#8221;0&#8243; shift_y=&#8221;0&#8243; z_index=&#8221;0&#8243; desktop_visibility=&#8221;yes&#8221; medium_visibility=&#8221;yes&#8221; uncode_shortcode_id=&#8221;198409&#8243; css=&#8221;.vc_custom_1707933483486{margin-bottom: 30px !important;}&#8221;][vc_column_inner column_width_percent=&#8221;100&#8243; align_horizontal=&#8221;align_center&#8221; gutter_size=&#8221;0&#8243; override_padding=&#8221;yes&#8221; column_padding=&#8221;0&#8243; overlay_alpha=&#8221;50&#8243; shift_x=&#8221;0&#8243; shift_y=&#8221;0&#8243; shift_y_down=&#8221;0&#8243; z_index=&#8221;0&#8243; medium_width=&#8221;0&#8243; mobile_width=&#8221;0&#8243; width=&#8221;1\/1&#8243; uncode_shortcode_id=&#8221;123309&#8243;][vc_single_image media=&#8221;181994&#8243; media_width_percent=&#8221;100&#8243; media_ratio=&#8221;one-one&#8221; alignment=&#8221;center&#8221; shape=&#8221;img-round&#8221; shadow=&#8221;yes&#8221; shadow_weight=&#8221;std&#8221; shadow_darker=&#8221;yes&#8221; css_animation=&#8221;top-t-bottom&#8221; uncode_shortcode_id=&#8221;183121&#8243;][\/vc_column_inner][\/vc_row_inner][vc_row_inner row_inner_height_percent=&#8221;0&#8243; overlay_alpha=&#8221;50&#8243; gutter_size=&#8221;0&#8243; shift_y=&#8221;0&#8243; z_index=&#8221;0&#8243; uncode_shortcode_id=&#8221;725038&#8243; css=&#8221;.vc_custom_1707887339992{border-right-width: 25% !important;border-left-width: 25% !important;}&#8221;][vc_column_inner column_width_percent=&#8221;100&#8243; position_vertical=&#8221;middle&#8221; align_horizontal=&#8221;align_center&#8221; gutter_size=&#8221;0&#8243; override_padding=&#8221;yes&#8221; column_padding=&#8221;2&#8243; back_color=&#8221;color-xsdn&#8221; overlay_alpha=&#8221;50&#8243; preserve_border=&#8221;yes&#8221; preserve_border_tablet=&#8221;yes&#8221; preserve_border_mobile=&#8221;yes&#8221; border_color=&#8221;color-121136&#8243; border_style=&#8221;solid&#8221; shift_x=&#8221;0&#8243; shift_y=&#8221;0&#8243; shift_y_down=&#8221;0&#8243; z_index=&#8221;2&#8243; medium_width=&#8221;0&#8243; mobile_width=&#8221;0&#8243; css_animation=&#8221;zoom-in&#8221; width=&#8221;1\/1&#8243; uncode_shortcode_id=&#8221;109318&#8243; back_color_type=&#8221;uncode-palette&#8221; css=&#8221;.vc_custom_1707889740587{border-top-width: 10px !important;border-right-width: 10px !important;border-bottom-width: 10px !important;border-left-width: 10px !important;}&#8221; border_color_type=&#8221;uncode-palette&#8221;][vc_column_text text_lead=&#8221;yes&#8221; uncode_shortcode_id=&#8221;184189&#8243;]<\/p>\n<p style=\"text-align: center;\">Laura Esther Galv\u00e1n, La Gacela,<\/p>\n<p>[\/vc_column_text][vc_custom_heading text_color=&#8221;color-121136&#8243; text_font=&#8221;font-175089&#8243; text_height=&#8221;&#8221; sub_reduced=&#8221;yes&#8221; uncode_shortcode_id=&#8221;100461&#8243; text_color_type=&#8221;uncode-palette&#8221; subheading=&#8221;CALIFICADA A LOS JUEGOS OL\u00cdMPICOS DE PAR\u00cdS 2024&#8243;]seleccionada nacional guanajuatense[\/vc_custom_heading][\/vc_column_inner][\/vc_row_inner][vc_column_text uncode_shortcode_id=&#8221;493216&#8243;]<p>Construimos las bases para un futuro donde cada joven deportista de alto rendimiento tenga la oportunidad de representar no solo a Guanajuato, sino tambi&eacute;n a M&eacute;xico en competencias internacionales. Con el Fondo de Apoyo al Deporte de Alto Rendimiento, Fadar, &uacute;nico a nivel nacional, estamos diciendo claramente que creemos en el poder transformador del deporte y estamos dispuestos a respaldar a aquellos que buscan llevarnos a lo m&aacute;s alto del podio.<\/p>[\/vc_column_text][\/vc_column][\/vc_row][\/vc_section][vc_row unlock_row_content=&#8221;yes&#8221; row_height_percent=&#8221;0&#8243; override_padding=&#8221;yes&#8221; h_padding=&#8221;0&#8243; top_padding=&#8221;0&#8243; bottom_padding=&#8221;0&#8243; back_color=&#8221;color-191546&#8243; overlay_alpha=&#8221;50&#8243; gutter_size=&#8221;0&#8243; column_width_percent=&#8221;100&#8243; shift_y=&#8221;0&#8243; z_index=&#8221;0&#8243; uncode_shortcode_id=&#8221;197404&#8243; back_color_type=&#8221;uncode-palette&#8221;][vc_column column_width_percent=&#8221;100&#8243; align_horizontal=&#8221;align_center&#8221; gutter_size=&#8221;0&#8243; override_padding=&#8221;yes&#8221; column_padding=&#8221;0&#8243; overlay_alpha=&#8221;50&#8243; shift_x=&#8221;0&#8243; shift_y=&#8221;0&#8243; shift_y_down=&#8221;0&#8243; z_index=&#8221;0&#8243; medium_width=&#8221;0&#8243; mobile_width=&#8221;0&#8243; width=&#8221;1\/1&#8243; uncode_shortcode_id=&#8221;615923&#8243;][vc_single_image media=&#8221;182180&#8243; media_width_percent=&#8221;100&#8243; alignment=&#8221;center&#8221; css_animation=&#8221;top-t-bottom&#8221; uncode_shortcode_id=&#8221;156988&#8243;][\/vc_column][\/vc_row][vc_row unlock_row_content=&#8221;yes&#8221; row_height_percent=&#8221;0&#8243; override_padding=&#8221;yes&#8221; h_padding=&#8221;0&#8243; top_padding=&#8221;0&#8243; bottom_padding=&#8221;3&#8243; back_color=&#8221;color-191546&#8243; overlay_alpha=&#8221;50&#8243; gutter_size=&#8221;0&#8243; column_width_percent=&#8221;100&#8243; shift_y=&#8221;0&#8243; z_index=&#8221;0&#8243; uncode_shortcode_id=&#8221;163353&#8243; css=&#8221;.vc_custom_1707890435200{padding-right: 10% !important;}&#8221; back_color_type=&#8221;uncode-palette&#8221;][vc_column column_width_percent=&#8221;100&#8243; position_horizontal=&#8221;left&#8221; gutter_size=&#8221;0&#8243; override_padding=&#8221;yes&#8221; column_padding=&#8221;3&#8243; style=&#8221;dark&#8221; back_color=&#8221;color-565958&#8243; back_image=&#8221;127196&#8243; back_repeat=&#8221;no-repeat&#8221; back_position=&#8221;center center&#8221; overlay_alpha=&#8221;50&#8243; shift_x=&#8221;0&#8243; shift_y=&#8221;-5&#8243; shift_y_down=&#8221;0&#8243; z_index=&#8221;2&#8243; medium_width=&#8221;0&#8243; mobile_width=&#8221;7&#8243; css_animation=&#8221;left-t-right&#8221; radius=&#8221;xl&#8221; shadow=&#8221;std&#8221; width=&#8221;1\/1&#8243; uncode_shortcode_id=&#8221;699750&#8243; back_color_type=&#8221;uncode-palette&#8221; back_size=&#8221;cover&#8221;][vc_custom_heading text_color=&#8221;color-xsdn&#8221; heading_semantic=&#8221;h1&#8243; text_font=&#8221;font-175089&#8243; text_size=&#8221;h1&#8243; text_height=&#8221;&#8221; sub_lead=&#8221;yes&#8221; sub_reduced=&#8221;yes&#8221; uncode_shortcode_id=&#8221;107132&#8243; text_color_type=&#8221;uncode-palette&#8221;]<span style=\"color: #ffe5bb;\">Econom\u00eda<\/span> para Todos[\/vc_custom_heading][\/vc_column][\/vc_row][vc_row row_height_percent=&#8221;0&#8243; override_padding=&#8221;yes&#8221; h_padding=&#8221;5&#8243; top_padding=&#8221;0&#8243; bottom_padding=&#8221;4&#8243; back_color=&#8221;color-191546&#8243; overlay_alpha=&#8221;50&#8243; gutter_size=&#8221;0&#8243; column_width_percent=&#8221;100&#8243; shift_y=&#8221;0&#8243; z_index=&#8221;0&#8243; uncode_shortcode_id=&#8221;209907&#8243; back_color_type=&#8221;uncode-palette&#8221;][vc_column column_width_percent=&#8221;100&#8243; position_vertical=&#8221;middle&#8221; gutter_size=&#8221;0&#8243; override_padding=&#8221;yes&#8221; column_padding=&#8221;0&#8243; style=&#8221;dark&#8221; overlay_alpha=&#8221;50&#8243; shift_x=&#8221;0&#8243; shift_y=&#8221;0&#8243; shift_y_down=&#8221;0&#8243; z_index=&#8221;0&#8243; medium_width=&#8221;0&#8243; mobile_width=&#8221;0&#8243; width=&#8221;1\/2&#8243; uncode_shortcode_id=&#8221;667247&#8243;][vc_row_inner row_inner_height_percent=&#8221;0&#8243; overlay_alpha=&#8221;50&#8243; gutter_size=&#8221;0&#8243; shift_y=&#8221;0&#8243; z_index=&#8221;0&#8243; uncode_shortcode_id=&#8221;613377&#8243;][vc_column_inner column_width_percent=&#8221;100&#8243; position_vertical=&#8221;middle&#8221; align_horizontal=&#8221;align_right&#8221; gutter_size=&#8221;0&#8243; override_padding=&#8221;yes&#8221; column_padding=&#8221;2&#8243; back_color=&#8221;color-xsdn&#8221; overlay_alpha=&#8221;50&#8243; preserve_border=&#8221;yes&#8221; preserve_border_tablet=&#8221;yes&#8221; preserve_border_mobile=&#8221;yes&#8221; border_color=&#8221;color-565958&#8243; border_style=&#8221;solid&#8221; shift_x=&#8221;0&#8243; shift_y=&#8221;0&#8243; shift_y_down=&#8221;0&#8243; z_index=&#8221;0&#8243; medium_width=&#8221;0&#8243; mobile_width=&#8221;0&#8243; css_animation=&#8221;left-t-right&#8221; animation_delay=&#8221;400&#8243; width=&#8221;1\/1&#8243; uncode_shortcode_id=&#8221;653993&#8243; back_color_type=&#8221;uncode-palette&#8221; css=&#8221;.vc_custom_1707890452809{border-top-width: 10px !important;border-right-width: 10px !important;border-bottom-width: 10px !important;border-left-width: 10px !important;}&#8221; border_color_type=&#8221;uncode-palette&#8221;][vc_column_text uncode_shortcode_id=&#8221;571758&#8243; el_class=&#8221;dropcap-eco&#8221;]<p>El gobierno estatal mantiene una agenda activa de promoci&oacute;n internacional de las ventajas competitivas de Guanajuato para atraer inversiones que significan nuevas y mejores oportunidades de empleo, as&iacute; como, aumento en las cadenas de valor y derrama econ&oacute;mica.<\/p>[\/vc_column_text][\/vc_column_inner][\/vc_row_inner][\/vc_column][vc_column column_width_percent=&#8221;100&#8243; gutter_size=&#8221;3&#8243; overlay_alpha=&#8221;50&#8243; shift_x=&#8221;-2&#8243; shift_y=&#8221;0&#8243; shift_y_down=&#8221;0&#8243; z_index=&#8221;2&#8243; medium_width=&#8221;0&#8243; mobile_width=&#8221;0&#8243; width=&#8221;1\/2&#8243; uncode_shortcode_id=&#8221;178343&#8243;][vc_single_image media=&#8221;182008&#8243; media_width_percent=&#8221;100&#8243; alignment=&#8221;center&#8221; css_animation=&#8221;zoom-in&#8221; uncode_shortcode_id=&#8221;842689&#8243;][\/vc_column][\/vc_row][vc_row row_height_percent=&#8221;0&#8243; override_padding=&#8221;yes&#8221; h_padding=&#8221;5&#8243; top_padding=&#8221;3&#8243; bottom_padding=&#8221;0&#8243; back_color=&#8221;color-191546&#8243; overlay_alpha=&#8221;50&#8243; equal_height=&#8221;yes&#8221; gutter_size=&#8221;3&#8243; column_width_percent=&#8221;100&#8243; shift_y=&#8221;0&#8243; z_index=&#8221;0&#8243; uncode_shortcode_id=&#8221;764107&#8243; back_color_type=&#8221;uncode-palette&#8221;][vc_column column_width_percent=&#8221;100&#8243; align_horizontal=&#8221;align_center&#8221; gutter_size=&#8221;3&#8243; override_padding=&#8221;yes&#8221; column_padding=&#8221;0&#8243; overlay_alpha=&#8221;50&#8243; shift_x=&#8221;0&#8243; shift_y=&#8221;0&#8243; shift_y_down=&#8221;0&#8243; z_index=&#8221;0&#8243; medium_width=&#8221;0&#8243; mobile_width=&#8221;7&#8243; width=&#8221;1\/2&#8243; uncode_shortcode_id=&#8221;560093&#8243;][vc_column_text uncode_shortcode_id=&#8221;188862&#8243;]<p>En septiembre del 2021 realizamos una gira de negocios a Europa, para concretar m&aacute;s de 440 millones de d&oacute;lares y el compromiso de m&aacute;s de 1 mil 800 empleos directos; se visitaron los pa&iacute;ses: Alemania, Austria, Francia, Italia y Suiza.<\/p><br \/>\n<p>Para el siguiente a&ntilde;o, en gira por los Estados Unidos de Am&eacute;rica cerramos tratos por la cantidad de 175 millones de d&oacute;lares y la oportunidad de generar 750 nuevos empleos.<\/p>[\/vc_column_text][\/vc_column][vc_column column_width_percent=&#8221;100&#8243; align_horizontal=&#8221;align_center&#8221; gutter_size=&#8221;3&#8243; override_padding=&#8221;yes&#8221; column_padding=&#8221;0&#8243; overlay_alpha=&#8221;50&#8243; shift_x=&#8221;0&#8243; shift_y=&#8221;0&#8243; shift_y_down=&#8221;0&#8243; z_index=&#8221;0&#8243; medium_width=&#8221;0&#8243; mobile_width=&#8221;0&#8243; width=&#8221;1\/2&#8243; uncode_shortcode_id=&#8221;112959&#8243;][vc_single_image media=&#8221;182018&#8243; media_width_percent=&#8221;100&#8243; alignment=&#8221;center&#8221; css_animation=&#8221;left-t-right&#8221; uncode_shortcode_id=&#8221;427358&#8243;][\/vc_column][\/vc_row][vc_row row_height_percent=&#8221;0&#8243; override_padding=&#8221;yes&#8221; h_padding=&#8221;5&#8243; top_padding=&#8221;2&#8243; bottom_padding=&#8221;0&#8243; back_color=&#8221;color-191546&#8243; overlay_alpha=&#8221;50&#8243; equal_height=&#8221;yes&#8221; gutter_size=&#8221;3&#8243; column_width_percent=&#8221;100&#8243; shift_y=&#8221;0&#8243; z_index=&#8221;0&#8243; inverted_device_order=&#8221;yes&#8221; uncode_shortcode_id=&#8221;147092&#8243; back_color_type=&#8221;uncode-palette&#8221;][vc_column column_width_percent=&#8221;100&#8243; align_horizontal=&#8221;align_center&#8221; gutter_size=&#8221;0&#8243; override_padding=&#8221;yes&#8221; column_padding=&#8221;0&#8243; overlay_alpha=&#8221;50&#8243; shift_x=&#8221;0&#8243; shift_y=&#8221;0&#8243; shift_y_down=&#8221;0&#8243; z_index=&#8221;0&#8243; medium_width=&#8221;0&#8243; mobile_width=&#8221;7&#8243; width=&#8221;1\/1&#8243; uncode_shortcode_id=&#8221;157853&#8243;][vc_custom_heading text_color=&#8221;color-565958&#8243; text_font=&#8221;font-175089&#8243; text_height=&#8221;&#8221; uncode_shortcode_id=&#8221;613561&#8243; text_color_type=&#8221;uncode-palette&#8221;]Gira de Negocios Europa 2021[\/vc_custom_heading][\/vc_column][\/vc_row][vc_row row_height_percent=&#8221;0&#8243; override_padding=&#8221;yes&#8221; h_padding=&#8221;5&#8243; top_padding=&#8221;2&#8243; bottom_padding=&#8221;0&#8243; back_color=&#8221;color-191546&#8243; overlay_alpha=&#8221;50&#8243; equal_height=&#8221;yes&#8221; gutter_size=&#8221;3&#8243; column_width_percent=&#8221;100&#8243; shift_y=&#8221;0&#8243; z_index=&#8221;0&#8243; uncode_shortcode_id=&#8221;639373&#8243; back_color_type=&#8221;uncode-palette&#8221;][vc_column column_width_percent=&#8221;100&#8243; align_horizontal=&#8221;align_center&#8221; gutter_size=&#8221;0&#8243; override_padding=&#8221;yes&#8221; column_padding=&#8221;0&#8243; overlay_alpha=&#8221;50&#8243; shift_x=&#8221;0&#8243; shift_y=&#8221;0&#8243; shift_y_down=&#8221;0&#8243; z_index=&#8221;0&#8243; medium_width=&#8221;0&#8243; mobile_width=&#8221;0&#8243; width=&#8221;1\/2&#8243; uncode_shortcode_id=&#8221;647101&#8243;][vc_custom_heading heading_semantic=&#8221;h5&#8243; text_font=&#8221;font-175089&#8243; text_size=&#8221;h5&#8243; text_height=&#8221;&#8221; sub_reduced=&#8221;yes&#8221; uncode_shortcode_id=&#8221;148828&#8243;]SE CONCRETARON M\u00c1S DE[\/vc_custom_heading][vc_custom_heading text_color=&#8221;color-565958&#8243; text_font=&#8221;font-175089&#8243; text_height=&#8221;&#8221; sub_reduced=&#8221;yes&#8221; uncode_shortcode_id=&#8221;134346&#8243; text_color_type=&#8221;uncode-palette&#8221;]440<span style=\"color: #808080;\"> millones de d\u00f3lares<\/span>[\/vc_custom_heading][\/vc_column][vc_column column_width_percent=&#8221;100&#8243; align_horizontal=&#8221;align_center&#8221; gutter_size=&#8221;0&#8243; override_padding=&#8221;yes&#8221; column_padding=&#8221;0&#8243; overlay_alpha=&#8221;50&#8243; shift_x=&#8221;0&#8243; shift_y=&#8221;0&#8243; shift_y_down=&#8221;0&#8243; z_index=&#8221;0&#8243; medium_width=&#8221;0&#8243; mobile_width=&#8221;0&#8243; width=&#8221;1\/2&#8243; uncode_shortcode_id=&#8221;159858&#8243;][vc_custom_heading heading_semantic=&#8221;h5&#8243; text_font=&#8221;font-175089&#8243; text_size=&#8221;h5&#8243; text_height=&#8221;&#8221; sub_reduced=&#8221;yes&#8221; uncode_shortcode_id=&#8221;208435&#8243;]Y M\u00c1S DE[\/vc_custom_heading][vc_custom_heading text_color=&#8221;color-565958&#8243; text_font=&#8221;font-175089&#8243; text_height=&#8221;&#8221; sub_reduced=&#8221;yes&#8221; uncode_shortcode_id=&#8221;671727&#8243; text_color_type=&#8221;uncode-palette&#8221;]1 <span style=\"color: #808080;\">mil<\/span> 800[\/vc_custom_heading][\/vc_column][\/vc_row][vc_row row_height_percent=&#8221;0&#8243; override_padding=&#8221;yes&#8221; h_padding=&#8221;3&#8243; top_padding=&#8221;2&#8243; bottom_padding=&#8221;0&#8243; back_color=&#8221;color-191546&#8243; overlay_alpha=&#8221;50&#8243; equal_height=&#8221;yes&#8221; gutter_size=&#8221;3&#8243; column_width_percent=&#8221;100&#8243; shift_y=&#8221;0&#8243; z_index=&#8221;0&#8243; uncode_shortcode_id=&#8221;931436&#8243; back_color_type=&#8221;uncode-palette&#8221;][vc_column column_width_percent=&#8221;100&#8243; align_horizontal=&#8221;align_center&#8221; gutter_size=&#8221;0&#8243; override_padding=&#8221;yes&#8221; column_padding=&#8221;0&#8243; overlay_alpha=&#8221;50&#8243; shift_x=&#8221;0&#8243; shift_y=&#8221;0&#8243; shift_y_down=&#8221;0&#8243; z_index=&#8221;0&#8243; medium_width=&#8221;0&#8243; mobile_width=&#8221;4&#8243; css_animation=&#8221;zoom-in&#8221; width=&#8221;1\/6&#8243; uncode_shortcode_id=&#8221;142208&#8243;][vc_icon icon_image=&#8221;182019&#8243; media_size=&#8221;100&#8243; heading_semantic=&#8221;h5&#8243; text_size=&#8221;h5&#8243; text_height=&#8221;&#8221; uncode_shortcode_id=&#8221;126657&#8243; title=&#8221;ALEMANIA&#8221;][\/vc_icon][\/vc_column][vc_column column_width_percent=&#8221;100&#8243; align_horizontal=&#8221;align_center&#8221; gutter_size=&#8221;0&#8243; override_padding=&#8221;yes&#8221; column_padding=&#8221;0&#8243; overlay_alpha=&#8221;50&#8243; shift_x=&#8221;0&#8243; shift_y=&#8221;0&#8243; shift_y_down=&#8221;0&#8243; z_index=&#8221;0&#8243; medium_width=&#8221;0&#8243; mobile_width=&#8221;4&#8243; css_animation=&#8221;zoom-in&#8221; animation_delay=&#8221;400&#8243; width=&#8221;1\/6&#8243; uncode_shortcode_id=&#8221;623942&#8243;][vc_icon icon_image=&#8221;182020&#8243; media_size=&#8221;100&#8243; heading_semantic=&#8221;h5&#8243; text_size=&#8221;h5&#8243; text_height=&#8221;&#8221; uncode_shortcode_id=&#8221;445334&#8243; title=&#8221;FRANCIA&#8221;][\/vc_icon][\/vc_column][vc_column column_width_percent=&#8221;100&#8243; align_horizontal=&#8221;align_center&#8221; gutter_size=&#8221;0&#8243; override_padding=&#8221;yes&#8221; column_padding=&#8221;0&#8243; overlay_alpha=&#8221;50&#8243; shift_x=&#8221;0&#8243; shift_y=&#8221;0&#8243; shift_y_down=&#8221;0&#8243; z_index=&#8221;0&#8243; medium_width=&#8221;0&#8243; mobile_width=&#8221;4&#8243; css_animation=&#8221;zoom-in&#8221; animation_delay=&#8221;800&#8243; width=&#8221;1\/6&#8243; uncode_shortcode_id=&#8221;784286&#8243;][vc_icon icon_image=&#8221;182021&#8243; media_size=&#8221;100&#8243; heading_semantic=&#8221;h5&#8243; text_size=&#8221;h5&#8243; text_height=&#8221;&#8221; uncode_shortcode_id=&#8221;975872&#8243; title=&#8221;SUIZA&#8221;][\/vc_icon][\/vc_column][vc_column column_width_percent=&#8221;100&#8243; align_horizontal=&#8221;align_center&#8221; gutter_size=&#8221;0&#8243; override_padding=&#8221;yes&#8221; column_padding=&#8221;0&#8243; overlay_alpha=&#8221;50&#8243; shift_x=&#8221;0&#8243; shift_y=&#8221;0&#8243; shift_y_down=&#8221;0&#8243; z_index=&#8221;0&#8243; medium_width=&#8221;0&#8243; mobile_width=&#8221;4&#8243; css_animation=&#8221;zoom-in&#8221; animation_delay=&#8221;1200&#8243; width=&#8221;1\/6&#8243; uncode_shortcode_id=&#8221;537853&#8243;][vc_icon icon_image=&#8221;182022&#8243; media_size=&#8221;100&#8243; heading_semantic=&#8221;h5&#8243; text_size=&#8221;h5&#8243; text_height=&#8221;&#8221; uncode_shortcode_id=&#8221;155436&#8243; title=&#8221;AUSTRIA&#8221;][\/vc_icon][\/vc_column][vc_column column_width_percent=&#8221;100&#8243; align_horizontal=&#8221;align_center&#8221; gutter_size=&#8221;0&#8243; override_padding=&#8221;yes&#8221; column_padding=&#8221;0&#8243; overlay_alpha=&#8221;50&#8243; shift_x=&#8221;0&#8243; shift_y=&#8221;0&#8243; shift_y_down=&#8221;0&#8243; z_index=&#8221;0&#8243; medium_width=&#8221;0&#8243; mobile_width=&#8221;0&#8243; css_animation=&#8221;zoom-in&#8221; animation_delay=&#8221;1600&#8243; width=&#8221;1\/6&#8243; uncode_shortcode_id=&#8221;712962&#8243;][vc_icon icon_image=&#8221;182023&#8243; media_size=&#8221;100&#8243; heading_semantic=&#8221;h5&#8243; text_size=&#8221;h5&#8243; text_height=&#8221;&#8221; uncode_shortcode_id=&#8221;278375&#8243; title=&#8221;ITALIA&#8221;][\/vc_icon][\/vc_column][vc_column column_width_percent=&#8221;100&#8243; gutter_size=&#8221;3&#8243; overlay_alpha=&#8221;50&#8243; shift_x=&#8221;0&#8243; shift_y=&#8221;0&#8243; shift_y_down=&#8221;0&#8243; z_index=&#8221;0&#8243; desktop_visibility=&#8221;yes&#8221; medium_visibility=&#8221;yes&#8221; medium_width=&#8221;0&#8243; mobile_visibility=&#8221;yes&#8221; mobile_width=&#8221;0&#8243; width=&#8221;1\/6&#8243; uncode_shortcode_id=&#8221;306124&#8243;][\/vc_column][\/vc_row][vc_row unlock_row_content=&#8221;yes&#8221; row_height_percent=&#8221;0&#8243; override_padding=&#8221;yes&#8221; h_padding=&#8221;0&#8243; top_padding=&#8221;0&#8243; bottom_padding=&#8221;0&#8243; back_color=&#8221;color-191546&#8243; overlay_alpha=&#8221;50&#8243; gutter_size=&#8221;0&#8243; column_width_percent=&#8221;100&#8243; shift_y=&#8221;0&#8243; z_index=&#8221;0&#8243; uncode_shortcode_id=&#8221;107991&#8243; back_color_type=&#8221;uncode-palette&#8221;][vc_column column_width_percent=&#8221;100&#8243; align_horizontal=&#8221;align_center&#8221; gutter_size=&#8221;0&#8243; override_padding=&#8221;yes&#8221; column_padding=&#8221;0&#8243; overlay_alpha=&#8221;50&#8243; shift_x=&#8221;0&#8243; shift_y=&#8221;0&#8243; shift_y_down=&#8221;0&#8243; z_index=&#8221;0&#8243; medium_width=&#8221;0&#8243; mobile_width=&#8221;0&#8243; width=&#8221;1\/1&#8243; uncode_shortcode_id=&#8221;615923&#8243;][vc_single_image media=&#8221;182174&#8243; media_width_percent=&#8221;100&#8243; alignment=&#8221;center&#8221; css_animation=&#8221;top-t-bottom&#8221; uncode_shortcode_id=&#8221;176498&#8243;][\/vc_column][\/vc_row][vc_section back_image=&#8221;182047&#8243; back_repeat=&#8221;no-repeat&#8221; back_position=&#8221;center center&#8221; overlay_alpha=&#8221;0&#8243; uncode_shortcode_id=&#8221;138326&#8243; back_size=&#8221;cover&#8221;][vc_row unlock_row_content=&#8221;yes&#8221; row_height_percent=&#8221;0&#8243; override_padding=&#8221;yes&#8221; h_padding=&#8221;0&#8243; top_padding=&#8221;4&#8243; bottom_padding=&#8221;0&#8243; overlay_alpha=&#8221;50&#8243; gutter_size=&#8221;0&#8243; column_width_percent=&#8221;100&#8243; shift_y=&#8221;0&#8243; z_index=&#8221;0&#8243; uncode_shortcode_id=&#8221;629966&#8243;][vc_column column_width_percent=&#8221;100&#8243; gutter_size=&#8221;0&#8243; override_padding=&#8221;yes&#8221; column_padding=&#8221;3&#8243; overlay_alpha=&#8221;50&#8243; preserve_border=&#8221;yes&#8221; preserve_border_tablet=&#8221;yes&#8221; preserve_border_mobile=&#8221;yes&#8221; border_color=&#8221;color-565958&#8243; border_style=&#8221;solid&#8221; shift_x=&#8221;0&#8243; shift_y=&#8221;0&#8243; shift_y_down=&#8221;0&#8243; z_index=&#8221;2&#8243; medium_width=&#8221;0&#8243; mobile_width=&#8221;0&#8243; width=&#8221;1\/2&#8243; uncode_shortcode_id=&#8221;116128&#8243; back_color_type=&#8221;uncode-gradient&#8221; back_color_gradient=&#8221;{&#8220;css&#8220;:&#8220;background: linear-gradient(to right , rgba(255, 255, 255, 0.85) , rgba(255, 255, 255, 0.85) 100%);&#8220;,&#8220;sliders&#8220;:`{`{&#8220;color&#8220;:&#8220;rgba(255, 255, 255, 0.85)&#8220;,&#8220;position&#8220;:0},{&#8220;color&#8220;:&#8220;rgba(255, 255, 255, 0.85)&#8220;,&#8220;position&#8220;:100}`}`,&#8220;type&#8220;:&#8220;linear&#8220;,&#8220;direction&#8220;:&#8220;left&#8220;}&#8221; css=&#8221;.vc_custom_1707891833655{border-top-width: 10px !important;border-right-width: 10px !important;border-bottom-width: 10px !important;}&#8221; border_color_type=&#8221;uncode-palette&#8221;][vc_row_inner row_inner_height_percent=&#8221;0&#8243; overlay_alpha=&#8221;50&#8243; gutter_size=&#8221;0&#8243; shift_y=&#8221;0&#8243; z_index=&#8221;0&#8243; desktop_visibility=&#8221;yes&#8221; medium_visibility=&#8221;yes&#8221; uncode_shortcode_id=&#8221;933127&#8243; css=&#8221;.vc_custom_1707933712654{margin-bottom: 30px !important;}&#8221;][vc_column_inner column_width_percent=&#8221;100&#8243; align_horizontal=&#8221;align_center&#8221; gutter_size=&#8221;0&#8243; override_padding=&#8221;yes&#8221; column_padding=&#8221;0&#8243; overlay_alpha=&#8221;50&#8243; shift_x=&#8221;0&#8243; shift_y=&#8221;0&#8243; shift_y_down=&#8221;0&#8243; z_index=&#8221;0&#8243; medium_width=&#8221;0&#8243; mobile_width=&#8221;0&#8243; width=&#8221;1\/1&#8243; uncode_shortcode_id=&#8221;123309&#8243;][vc_single_image media=&#8221;182047&#8243; media_width_percent=&#8221;100&#8243; media_ratio=&#8221;one-one&#8221; alignment=&#8221;center&#8221; shape=&#8221;img-round&#8221; shadow=&#8221;yes&#8221; shadow_weight=&#8221;std&#8221; shadow_darker=&#8221;yes&#8221; css_animation=&#8221;top-t-bottom&#8221; uncode_shortcode_id=&#8221;179904&#8243;][\/vc_column_inner][\/vc_row_inner][vc_column_text uncode_shortcode_id=&#8221;183733&#8243;]<p>Realizamos una gira de negocios a Jap&oacute;n y Corea en el 2023, con la cual, se logr&oacute; una derrama por m&aacute;s de 736 millones de d&oacute;lares en nueve proyectos de inversi&oacute;n que significan m&aacute;s de 3 mil 200 nuevas oportunidades laborales.<\/p><br \/>\n<p>En la caravana migrante realizada en California, se promovi&oacute; principalmente al sector agroalimentos. Donde se sumaron por primera vez otros sectores como artesan&iacute;as, art&iacute;culos de belleza, calzado, proveedur&iacute;a para calzado y sombreros, todo orgullosamente guanajuatense. Aprovechamos el marco del evento, para invitar a nuestros paisanos a emprender y distribuirlo en Estados Unidos de Am&eacute;rica.<\/p><br \/>\n<p>Con la firma de convenio de colaboraci&oacute;n con la C&aacute;mara de Comercio de Canad&aacute; en M&eacute;xico, CanCham y uno m&aacute;s con Hong Kong, Trade Development Council, se fomenta la colaboraci&oacute;n en &aacute;reas de desarrollo empresarial, la transferencia de conocimientos, as&iacute; como el intercambio de bienes y buenas pr&aacute;cticas.<\/p><br \/>\n<p>De esta forma se refrenda el compromiso de seguir construyendo puentes comerciales para llevar m&aacute;s de Guanajuato al mundo.<\/p><br \/>\n<p>A lo largo de estos 6 a&ntilde;os participamos en los principales eventos del sector tur&iacute;stico alrededor del mundo, con el objetivo de seguir posicionando al estado de Guanajuato como el destino predilecto en M&eacute;xico.<\/p>[\/vc_column_text][\/vc_column][vc_column column_width_percent=&#8221;100&#8243; gutter_size=&#8221;0&#8243; override_padding=&#8221;yes&#8221; column_padding=&#8221;2&#8243; overlay_alpha=&#8221;50&#8243; shift_x=&#8221;0&#8243; shift_y=&#8221;0&#8243; shift_y_down=&#8221;0&#8243; z_index=&#8221;0&#8243; medium_width=&#8221;0&#8243; mobile_width=&#8221;0&#8243; width=&#8221;1\/2&#8243; uncode_shortcode_id=&#8221;192555&#8243;][\/vc_column][\/vc_row][vc_row row_height_percent=&#8221;0&#8243; override_padding=&#8221;yes&#8221; h_padding=&#8221;5&#8243; top_padding=&#8221;0&#8243; bottom_padding=&#8221;4&#8243; overlay_alpha=&#8221;50&#8243; gutter_size=&#8221;0&#8243; column_width_percent=&#8221;100&#8243; shift_y=&#8221;0&#8243; z_index=&#8221;0&#8243; uncode_shortcode_id=&#8221;122158&#8243;][vc_column column_width_percent=&#8221;100&#8243; gutter_size=&#8221;3&#8243; overlay_alpha=&#8221;50&#8243; shift_x=&#8221;2&#8243; shift_y=&#8221;-3&#8243; shift_y_down=&#8221;0&#8243; z_index=&#8221;2&#8243; medium_width=&#8221;0&#8243; mobile_width=&#8221;0&#8243; width=&#8221;1\/2&#8243; uncode_shortcode_id=&#8221;124027&#8243;][vc_single_image media=&#8221;182048&#8243; media_width_percent=&#8221;100&#8243; alignment=&#8221;center&#8221; css_animation=&#8221;zoom-in&#8221; uncode_shortcode_id=&#8221;720681&#8243;][\/vc_column][vc_column column_width_percent=&#8221;100&#8243; position_vertical=&#8221;middle&#8221; align_horizontal=&#8221;align_right&#8221; gutter_size=&#8221;0&#8243; override_padding=&#8221;yes&#8221; column_padding=&#8221;0&#8243; style=&#8221;dark&#8221; overlay_alpha=&#8221;50&#8243; shift_x=&#8221;0&#8243; shift_y=&#8221;0&#8243; shift_y_down=&#8221;0&#8243; z_index=&#8221;0&#8243; medium_width=&#8221;0&#8243; mobile_width=&#8221;0&#8243; width=&#8221;1\/2&#8243; uncode_shortcode_id=&#8221;758170&#8243;][vc_row_inner row_inner_height_percent=&#8221;0&#8243; overlay_alpha=&#8221;50&#8243; gutter_size=&#8221;0&#8243; shift_y=&#8221;0&#8243; z_index=&#8221;0&#8243; uncode_shortcode_id=&#8221;613377&#8243;][vc_column_inner column_width_percent=&#8221;100&#8243; position_vertical=&#8221;middle&#8221; gutter_size=&#8221;0&#8243; override_padding=&#8221;yes&#8221; column_padding=&#8221;3&#8243; back_color=&#8221;color-xsdn&#8221; overlay_alpha=&#8221;50&#8243; preserve_border=&#8221;yes&#8221; preserve_border_tablet=&#8221;yes&#8221; preserve_border_mobile=&#8221;yes&#8221; border_color=&#8221;color-565958&#8243; border_style=&#8221;solid&#8221; shift_x=&#8221;0&#8243; shift_y=&#8221;0&#8243; shift_y_down=&#8221;0&#8243; z_index=&#8221;0&#8243; align_medium=&#8221;align_center_tablet&#8221; medium_width=&#8221;0&#8243; align_mobile=&#8221;align_center_mobile&#8221; mobile_width=&#8221;0&#8243; css_animation=&#8221;left-t-right&#8221; animation_delay=&#8221;400&#8243; width=&#8221;1\/1&#8243; uncode_shortcode_id=&#8221;199918&#8243; back_color_type=&#8221;uncode-palette&#8221; css=&#8221;.vc_custom_1707930372437{border-top-width: 10px !important;border-right-width: 10px !important;border-bottom-width: 10px !important;border-left-width: 10px !important;}&#8221; border_color_type=&#8221;uncode-palette&#8221;][vc_icon icon_image=&#8221;182049&#8243; media_size=&#8221;100&#8243; heading_semantic=&#8221;h4&#8243; text_font=&#8221;font-175089&#8243; text_size=&#8221;h2&#8243; text_height=&#8221;&#8221; text_reduced=&#8221;yes&#8221; uncode_shortcode_id=&#8221;135517&#8243; title=&#8221;GTO no se detiene&#8221;]GIRA DE NEGOCIOS JAP\u00d3N Y COREA[\/vc_icon][\/vc_column_inner][\/vc_row_inner][\/vc_column][\/vc_row][\/vc_section][vc_row row_height_percent=&#8221;0&#8243; override_padding=&#8221;yes&#8221; h_padding=&#8221;5&#8243; top_padding=&#8221;3&#8243; bottom_padding=&#8221;0&#8243; back_color=&#8221;color-191546&#8243; overlay_alpha=&#8221;50&#8243; equal_height=&#8221;yes&#8221; gutter_size=&#8221;0&#8243; column_width_percent=&#8221;100&#8243; shift_y=&#8221;0&#8243; z_index=&#8221;0&#8243; inverted_device_order=&#8221;yes&#8221; uncode_shortcode_id=&#8221;277185&#8243; back_color_type=&#8221;uncode-palette&#8221;][vc_column column_width_percent=&#8221;100&#8243; align_horizontal=&#8221;align_center&#8221; gutter_size=&#8221;3&#8243; override_padding=&#8221;yes&#8221; column_padding=&#8221;0&#8243; overlay_alpha=&#8221;50&#8243; shift_x=&#8221;0&#8243; shift_y=&#8221;0&#8243; shift_y_down=&#8221;0&#8243; z_index=&#8221;0&#8243; medium_width=&#8221;0&#8243; mobile_width=&#8221;7&#8243; width=&#8221;1\/1&#8243; uncode_shortcode_id=&#8221;256196&#8243;][vc_column_text uncode_shortcode_id=&#8221;145083&#8243;]<p>Eventos como Feria Internacional de Turismo, IMEX America y Vitrina Tur&iacute;stica ANATO, nos han permitido llegar a m&aacute;s de 1 mill&oacute;n 785 mil asistentes nacionales e internacionales, con m&aacute;s de 11 mil citas de negocios, que generaron 1 mil 290 notas de prensa en diferentes pa&iacute;ses, con un impacto en publicidad no pagada superior a 20 millones de pesos.<\/p><br \/>\n<p>Adem&aacute;s estuvimos en 11 eventos de los segmentos gastron&oacute;mico, enol&oacute;gico, de aventura y sustentabilidad, la Conferencia de las Naciones Unidas sobre el Cambio Clim&aacute;tico 2022, VI Foro Mundial de Gastronom&iacute;a Mexicana y 5&deg;. Campeonato Mundial de Pinchos y Tapas de Valladolid, por mencionar algunos, en los pa&iacute;ses de Egipto, Estados Unidos de Am&eacute;rica y Espa&ntilde;a.<\/p><br \/>\n<p>Tuvimos presencia en 17  pa&iacute;ses con la suma de 80 acciones, entre participaciones en eventos, presentaciones de destino, giras de trabajo, recepci&oacute;n de estafeta y reconocimientos, que hicieron constar la Grandeza de Guanajuato.<\/p><br \/>\n<p>Realizamos el evento m&aacute;s importante del continente y segundo m&aacute;s destacado en el mundo del Sector Agroalimentario, la Expo Agroalimentaria Guanajuato.<\/p>[\/vc_column_text][vc_custom_heading text_color=&#8221;color-565958&#8243; text_font=&#8221;font-175089&#8243; text_height=&#8221;&#8221; uncode_shortcode_id=&#8221;149483&#8243; text_color_type=&#8221;uncode-palette&#8221;]Presencia del estado de Guanajuato alrededor del mundo[\/vc_custom_heading][\/vc_column][\/vc_row][vc_row unlock_row_content=&#8221;yes&#8221; row_height_percent=&#8221;0&#8243; override_padding=&#8221;yes&#8221; h_padding=&#8221;0&#8243; top_padding=&#8221;0&#8243; bottom_padding=&#8221;0&#8243; back_color=&#8221;color-191546&#8243; overlay_alpha=&#8221;50&#8243; gutter_size=&#8221;0&#8243; column_width_percent=&#8221;100&#8243; shift_y=&#8221;0&#8243; z_index=&#8221;0&#8243; uncode_shortcode_id=&#8221;176276&#8243; back_color_type=&#8221;uncode-palette&#8221;][vc_column column_width_percent=&#8221;100&#8243; align_horizontal=&#8221;align_center&#8221; gutter_size=&#8221;0&#8243; override_padding=&#8221;yes&#8221; column_padding=&#8221;0&#8243; overlay_alpha=&#8221;50&#8243; shift_x=&#8221;0&#8243; shift_y=&#8221;0&#8243; shift_y_down=&#8221;0&#8243; z_index=&#8221;0&#8243; medium_width=&#8221;0&#8243; mobile_width=&#8221;0&#8243; width=&#8221;1\/1&#8243; uncode_shortcode_id=&#8221;615923&#8243;][vc_single_image media=&#8221;182064&#8243; media_width_percent=&#8221;100&#8243; alignment=&#8221;center&#8221; css_animation=&#8221;top-t-bottom&#8221; uncode_shortcode_id=&#8221;197474&#8243;][\/vc_column][\/vc_row][vc_row unlock_row_content=&#8221;yes&#8221; row_height_percent=&#8221;0&#8243; override_padding=&#8221;yes&#8221; h_padding=&#8221;0&#8243; top_padding=&#8221;3&#8243; bottom_padding=&#8221;3&#8243; overlay_alpha=&#8221;50&#8243; gutter_size=&#8221;0&#8243; column_width_percent=&#8221;100&#8243; shift_y=&#8221;0&#8243; z_index=&#8221;0&#8243; uncode_shortcode_id=&#8221;151847&#8243; css=&#8221;.vc_custom_1707893176705{padding-right: 10% !important;}&#8221; back_color_type=&#8221;uncode-solid&#8221; back_color_solid=&#8221;#e4f4c8&#8243;][vc_column column_width_percent=&#8221;100&#8243; position_horizontal=&#8221;left&#8221; gutter_size=&#8221;0&#8243; override_padding=&#8221;yes&#8221; column_padding=&#8221;3&#8243; style=&#8221;dark&#8221; back_color=&#8221;color-208283&#8243; back_image=&#8221;127378&#8243; back_repeat=&#8221;no-repeat&#8221; back_position=&#8221;center center&#8221; overlay_alpha=&#8221;50&#8243; shift_x=&#8221;0&#8243; shift_y=&#8221;0&#8243; shift_y_down=&#8221;0&#8243; z_index=&#8221;2&#8243; medium_width=&#8221;0&#8243; mobile_width=&#8221;7&#8243; css_animation=&#8221;left-t-right&#8221; radius=&#8221;xl&#8221; shadow=&#8221;std&#8221; width=&#8221;1\/1&#8243; uncode_shortcode_id=&#8221;349658&#8243; back_color_type=&#8221;uncode-palette&#8221; back_size=&#8221;cover&#8221;][vc_custom_heading text_color=&#8221;color-xsdn&#8221; heading_semantic=&#8221;h1&#8243; text_font=&#8221;font-175089&#8243; text_size=&#8221;h1&#8243; text_height=&#8221;&#8221; sub_lead=&#8221;yes&#8221; sub_reduced=&#8221;yes&#8221; uncode_shortcode_id=&#8221;902569&#8243; text_color_type=&#8221;uncode-palette&#8221;]<span style=\"color: #cae2a0;\">Desarrollo<\/span> Ordenado y Sostenible[\/vc_custom_heading][\/vc_column][\/vc_row][vc_row row_height_percent=&#8221;0&#8243; override_padding=&#8221;yes&#8221; h_padding=&#8221;5&#8243; top_padding=&#8221;0&#8243; bottom_padding=&#8221;0&#8243; overlay_alpha=&#8221;50&#8243; equal_height=&#8221;yes&#8221; gutter_size=&#8221;3&#8243; column_width_percent=&#8221;100&#8243; shift_y=&#8221;0&#8243; z_index=&#8221;0&#8243; uncode_shortcode_id=&#8221;126145&#8243; back_color_type=&#8221;uncode-solid&#8221; back_color_solid=&#8221;#e4f4c8&#8243;][vc_column column_width_percent=&#8221;100&#8243; align_horizontal=&#8221;align_center&#8221; gutter_size=&#8221;3&#8243; override_padding=&#8221;yes&#8221; column_padding=&#8221;0&#8243; overlay_alpha=&#8221;50&#8243; shift_x=&#8221;0&#8243; shift_y=&#8221;0&#8243; shift_y_down=&#8221;0&#8243; z_index=&#8221;0&#8243; medium_width=&#8221;0&#8243; mobile_width=&#8221;7&#8243; width=&#8221;1\/2&#8243; uncode_shortcode_id=&#8221;153568&#8243;][vc_column_text uncode_shortcode_id=&#8221;151485&#8243; el_class=&#8221;dropcap-sus&#8221;]<p>M&aacute;s Guanajuato en el mundo y m&aacute;s mundo en Guanajuato. Participamos en la Semana del Transporte y Cambio Clim&aacute;tico en Alemania. El objetivo es traer las mejores pol&iacute;ticas p&uacute;blicas y buenas pr&aacute;cticas para la movilidad sostenible a nuestro estado. Esto permite a Guanajuato estar a la vanguardia en materia de movilidad.<\/p><br \/>\n<p>Con una visi&oacute;n innovadora para la sustentabilidad h&iacute;drica, creamos un evento de talla internacional: Beyond Water. En sus tres ediciones se llevaron a cabo conferencias, foros, talleres para la aplicaci&oacute;n de mejores pr&aacute;cticas y el uso de las tecnolog&iacute;as m&aacute;s avanzadas en el sector, con la participaci&oacute;n de ponentes destacados de Colombia, Estados Unidos de Am&eacute;rica, Espa&ntilde;a, Israel, Pa&iacute;ses Bajos y Suecia.<\/p>[\/vc_column_text][\/vc_column][vc_column column_width_percent=&#8221;100&#8243; position_vertical=&#8221;bottom&#8221; align_horizontal=&#8221;align_center&#8221; gutter_size=&#8221;0&#8243; override_padding=&#8221;yes&#8221; column_padding=&#8221;0&#8243; overlay_alpha=&#8221;50&#8243; shift_x=&#8221;0&#8243; shift_y=&#8221;0&#8243; shift_y_down=&#8221;0&#8243; z_index=&#8221;0&#8243; medium_width=&#8221;0&#8243; mobile_width=&#8221;0&#8243; width=&#8221;1\/2&#8243; uncode_shortcode_id=&#8221;106728&#8243;][vc_single_image media=&#8221;182069&#8243; media_width_percent=&#8221;100&#8243; alignment=&#8221;center&#8221; css_animation=&#8221;left-t-right&#8221; uncode_shortcode_id=&#8221;566746&#8243;][vc_row_inner row_inner_height_percent=&#8221;0&#8243; overlay_alpha=&#8221;50&#8243; gutter_size=&#8221;0&#8243; shift_y=&#8221;0&#8243; z_index=&#8221;0&#8243; uncode_shortcode_id=&#8221;122106&#8243; css=&#8221;.vc_custom_1707882239506{padding-right: 10% !important;padding-left: 10% !important;}&#8221;][vc_column_inner column_width_percent=&#8221;100&#8243; position_vertical=&#8221;middle&#8221; align_horizontal=&#8221;align_center&#8221; gutter_size=&#8221;0&#8243; override_padding=&#8221;yes&#8221; column_padding=&#8221;2&#8243; back_color=&#8221;color-xsdn&#8221; overlay_alpha=&#8221;50&#8243; preserve_border=&#8221;yes&#8221; preserve_border_tablet=&#8221;yes&#8221; preserve_border_mobile=&#8221;yes&#8221; border_color=&#8221;color-579022&#8243; border_style=&#8221;solid&#8221; shift_x=&#8221;0&#8243; shift_y=&#8221;0&#8243; shift_y_down=&#8221;-4&#8243; shift_y_down_fixed=&#8221;yes&#8221; z_index=&#8221;2&#8243; medium_width=&#8221;0&#8243; mobile_width=&#8221;0&#8243; css_animation=&#8221;zoom-in&#8221; width=&#8221;1\/1&#8243; uncode_shortcode_id=&#8221;163047&#8243; back_color_type=&#8221;uncode-palette&#8221; css=&#8221;.vc_custom_1707933808635{border-top-width: 10px !important;border-right-width: 10px !important;border-bottom-width: 10px !important;border-left-width: 10px !important;}&#8221; border_color_type=&#8221;uncode-palette&#8221;][vc_custom_heading heading_semantic=&#8221;h6&#8243; text_size=&#8221;h6&#8243; text_height=&#8221;&#8221; sub_reduced=&#8221;yes&#8221; uncode_shortcode_id=&#8221;128281&#8243;]SEMANA DEL[\/vc_custom_heading][vc_custom_heading text_color=&#8221;color-208283&#8243; text_font=&#8221;font-175089&#8243; text_height=&#8221;&#8221; sub_reduced=&#8221;yes&#8221; uncode_shortcode_id=&#8221;168816&#8243; text_color_type=&#8221;uncode-palette&#8221; subheading=&#8221;EFECTUADO EN ALEMANIA&#8221;]Transporte y Cambio Clim\u00e1tico[\/vc_custom_heading][\/vc_column_inner][\/vc_row_inner][\/vc_column][\/vc_row][vc_row unlock_row_content=&#8221;yes&#8221; row_height_percent=&#8221;0&#8243; override_padding=&#8221;yes&#8221; h_padding=&#8221;0&#8243; top_padding=&#8221;0&#8243; bottom_padding=&#8221;0&#8243; overlay_alpha=&#8221;50&#8243; gutter_size=&#8221;0&#8243; column_width_percent=&#8221;100&#8243; shift_y=&#8221;0&#8243; z_index=&#8221;0&#8243; uncode_shortcode_id=&#8221;142651&#8243; back_color_type=&#8221;uncode-solid&#8221; back_color_solid=&#8221;#e4f4c8&#8243;][vc_column column_width_percent=&#8221;100&#8243; align_horizontal=&#8221;align_center&#8221; gutter_size=&#8221;0&#8243; override_padding=&#8221;yes&#8221; column_padding=&#8221;0&#8243; overlay_alpha=&#8221;50&#8243; shift_x=&#8221;0&#8243; shift_y=&#8221;0&#8243; shift_y_down=&#8221;0&#8243; z_index=&#8221;0&#8243; medium_width=&#8221;0&#8243; mobile_width=&#8221;0&#8243; width=&#8221;1\/1&#8243; uncode_shortcode_id=&#8221;615923&#8243;][vc_single_image media=&#8221;182070&#8243; media_width_percent=&#8221;100&#8243; alignment=&#8221;center&#8221; css_animation=&#8221;top-t-bottom&#8221; uncode_shortcode_id=&#8221;147346&#8243;][\/vc_column][\/vc_row][vc_row row_height_percent=&#8221;0&#8243; override_padding=&#8221;yes&#8221; h_padding=&#8221;5&#8243; top_padding=&#8221;3&#8243; bottom_padding=&#8221;0&#8243; overlay_alpha=&#8221;50&#8243; equal_height=&#8221;yes&#8221; gutter_size=&#8221;3&#8243; column_width_percent=&#8221;100&#8243; shift_y=&#8221;0&#8243; z_index=&#8221;0&#8243; inverted_device_order=&#8221;yes&#8221; uncode_shortcode_id=&#8221;247246&#8243; back_color_type=&#8221;uncode-solid&#8221; back_color_solid=&#8221;#e4f4c8&#8243;][vc_column column_width_percent=&#8221;100&#8243; align_horizontal=&#8221;align_center&#8221; gutter_size=&#8221;3&#8243; override_padding=&#8221;yes&#8221; column_padding=&#8221;0&#8243; overlay_alpha=&#8221;50&#8243; shift_x=&#8221;0&#8243; shift_y=&#8221;0&#8243; shift_y_down=&#8221;0&#8243; z_index=&#8221;0&#8243; medium_width=&#8221;0&#8243; mobile_width=&#8221;7&#8243; width=&#8221;1\/1&#8243; uncode_shortcode_id=&#8221;153568&#8243;][vc_column_text uncode_shortcode_id=&#8221;148826&#8243; el_class=&#8221;dropcap-sos&#8221;]<p>Como parte de nuestra pol&iacute;tica de llevar m&aacute;s Guanajuato al mundo y m&aacute;s mundo a Guanajuato, hemos generado 34 alianzas internacionales con las cuales obtenemos recursos, capacitaci&oacute;n y experiencias que contribuyen a alcanzar las metas que nos hemos planteado en materia ambiental y que benefician a toda la poblaci&oacute;n. Destaca la participaci&oacute;n en las mesas de di&aacute;logo previas a la Conferencias de las Partes, celebradas a partir de la Convenci&oacute;n Marco de las Naciones Unidas sobre el Cambio Clim&aacute;tico.<\/p>[\/vc_column_text][\/vc_column][\/vc_row][vc_row row_height_percent=&#8221;0&#8243; override_padding=&#8221;yes&#8221; h_padding=&#8221;5&#8243; top_padding=&#8221;2&#8243; bottom_padding=&#8221;0&#8243; overlay_alpha=&#8221;50&#8243; equal_height=&#8221;yes&#8221; gutter_size=&#8221;3&#8243; column_width_percent=&#8221;100&#8243; shift_y=&#8221;0&#8243; z_index=&#8221;0&#8243; uncode_shortcode_id=&#8221;265402&#8243; back_color_type=&#8221;uncode-solid&#8221; back_color_solid=&#8221;#e4f4c8&#8243;][vc_column column_width_percent=&#8221;100&#8243; position_vertical=&#8221;middle&#8221; align_horizontal=&#8221;align_center&#8221; gutter_size=&#8221;0&#8243; override_padding=&#8221;yes&#8221; column_padding=&#8221;0&#8243; overlay_alpha=&#8221;50&#8243; shift_x=&#8221;0&#8243; shift_y=&#8221;0&#8243; shift_y_down=&#8221;0&#8243; z_index=&#8221;0&#8243; medium_width=&#8221;0&#8243; mobile_width=&#8221;7&#8243; width=&#8221;1\/2&#8243; uncode_shortcode_id=&#8221;633042&#8243;][vc_custom_heading text_color=&#8221;color-208283&#8243; text_font=&#8221;font-175089&#8243; text_height=&#8221;&#8221; sub_reduced=&#8221;yes&#8221; uncode_shortcode_id=&#8221;115675&#8243; text_color_type=&#8221;uncode-palette&#8221;]Somos referentes en programas en favor de un Medio Ambiente Sano[\/vc_custom_heading][\/vc_column][vc_column column_width_percent=&#8221;100&#8243; align_horizontal=&#8221;align_center&#8221; gutter_size=&#8221;0&#8243; override_padding=&#8221;yes&#8221; column_padding=&#8221;0&#8243; overlay_alpha=&#8221;50&#8243; shift_x=&#8221;0&#8243; shift_y=&#8221;0&#8243; shift_y_down=&#8221;0&#8243; z_index=&#8221;0&#8243; medium_width=&#8221;0&#8243; mobile_width=&#8221;0&#8243; width=&#8221;1\/2&#8243; uncode_shortcode_id=&#8221;208708&#8243;][vc_single_image media=&#8221;182095&#8243; media_width_percent=&#8221;100&#8243; alignment=&#8221;center&#8221; css_animation=&#8221;left-t-right&#8221; uncode_shortcode_id=&#8221;121751&#8243;][\/vc_column][\/vc_row][vc_row unlock_row_content=&#8221;yes&#8221; row_height_percent=&#8221;0&#8243; override_padding=&#8221;yes&#8221; h_padding=&#8221;3&#8243; top_padding=&#8221;0&#8243; bottom_padding=&#8221;3&#8243; overlay_alpha=&#8221;50&#8243; gutter_size=&#8221;0&#8243; column_width_percent=&#8221;100&#8243; shift_y=&#8221;0&#8243; z_index=&#8221;0&#8243; uncode_shortcode_id=&#8221;433239&#8243; back_color_type=&#8221;uncode-gradient&#8221; back_color_gradient=&#8221;{&#8220;css&#8220;:&#8220;background: linear-gradient(to bottom , rgb(228, 244, 200) , rgb(8, 123, 42) 100%);&#8220;,&#8220;sliders&#8220;:`{`{&#8220;color&#8220;:&#8220;rgb(228, 244, 200)&#8220;,&#8220;position&#8220;:0},{&#8220;color&#8220;:&#8220;rgb(8, 123, 42)&#8220;,&#8220;position&#8220;:100}`}`,&#8220;type&#8220;:&#8220;linear&#8220;,&#8220;direction&#8220;:&#8220;top&#8220;}&#8221;][vc_column column_width_percent=&#8221;100&#8243; align_horizontal=&#8221;align_center&#8221; gutter_size=&#8221;0&#8243; override_padding=&#8221;yes&#8221; column_padding=&#8221;0&#8243; overlay_alpha=&#8221;50&#8243; shift_x=&#8221;0&#8243; shift_y=&#8221;0&#8243; shift_y_down=&#8221;0&#8243; z_index=&#8221;0&#8243; medium_width=&#8221;0&#8243; mobile_width=&#8221;0&#8243; width=&#8221;1\/1&#8243; uncode_shortcode_id=&#8221;615923&#8243;][vc_single_image media=&#8221;182096&#8243; media_width_percent=&#8221;100&#8243; alignment=&#8221;center&#8221; css_animation=&#8221;top-t-bottom&#8221; uncode_shortcode_id=&#8221;743643&#8243;][\/vc_column][\/vc_row][vc_row unlock_row_content=&#8221;yes&#8221; row_height_percent=&#8221;0&#8243; override_padding=&#8221;yes&#8221; h_padding=&#8221;0&#8243; top_padding=&#8221;0&#8243; bottom_padding=&#8221;0&#8243; back_color=&#8221;color-207167&#8243; overlay_alpha=&#8221;50&#8243; gutter_size=&#8221;0&#8243; column_width_percent=&#8221;100&#8243; shift_y=&#8221;0&#8243; z_index=&#8221;0&#8243; uncode_shortcode_id=&#8221;191715&#8243; back_color_type=&#8221;uncode-palette&#8221;][vc_column column_width_percent=&#8221;100&#8243; align_horizontal=&#8221;align_center&#8221; gutter_size=&#8221;0&#8243; override_padding=&#8221;yes&#8221; column_padding=&#8221;0&#8243; overlay_alpha=&#8221;50&#8243; shift_x=&#8221;0&#8243; shift_y=&#8221;0&#8243; shift_y_down=&#8221;0&#8243; z_index=&#8221;0&#8243; medium_width=&#8221;0&#8243; mobile_width=&#8221;0&#8243; width=&#8221;1\/1&#8243; uncode_shortcode_id=&#8221;615923&#8243;][vc_single_image media=&#8221;182103&#8243; media_width_percent=&#8221;100&#8243; alignment=&#8221;center&#8221; css_animation=&#8221;top-t-bottom&#8221; uncode_shortcode_id=&#8221;124266&#8243;][\/vc_column][\/vc_row][vc_row unlock_row_content=&#8221;yes&#8221; row_height_percent=&#8221;0&#8243; override_padding=&#8221;yes&#8221; h_padding=&#8221;0&#8243; top_padding=&#8221;0&#8243; bottom_padding=&#8221;3&#8243; back_color=&#8221;color-207167&#8243; overlay_alpha=&#8221;50&#8243; gutter_size=&#8221;4&#8243; column_width_percent=&#8221;100&#8243; shift_y=&#8221;0&#8243; z_index=&#8221;0&#8243; uncode_shortcode_id=&#8221;118894&#8243; css=&#8221;.vc_custom_1707894452636{padding-right: 10% !important;}&#8221; back_color_type=&#8221;uncode-palette&#8221;][vc_column column_width_percent=&#8221;100&#8243; position_horizontal=&#8221;left&#8221; gutter_size=&#8221;0&#8243; override_padding=&#8221;yes&#8221; column_padding=&#8221;3&#8243; style=&#8221;dark&#8221; back_color=&#8221;color-182017&#8243; back_image=&#8221;127495&#8243; back_repeat=&#8221;no-repeat&#8221; back_position=&#8221;center center&#8221; overlay_alpha=&#8221;50&#8243; shift_x=&#8221;0&#8243; shift_y=&#8221;-5&#8243; shift_y_down=&#8221;0&#8243; z_index=&#8221;2&#8243; medium_width=&#8221;0&#8243; mobile_width=&#8221;7&#8243; css_animation=&#8221;left-t-right&#8221; radius=&#8221;xl&#8221; shadow=&#8221;std&#8221; width=&#8221;2\/3&#8243; uncode_shortcode_id=&#8221;311326&#8243; back_color_type=&#8221;uncode-palette&#8221; back_size=&#8221;cover&#8221;][vc_custom_heading text_color=&#8221;color-xsdn&#8221; heading_semantic=&#8221;h1&#8243; text_font=&#8221;font-175089&#8243; text_size=&#8221;h1&#8243; text_height=&#8221;&#8221; sub_lead=&#8221;yes&#8221; sub_reduced=&#8221;yes&#8221; uncode_shortcode_id=&#8221;153143&#8243; text_color_type=&#8221;uncode-palette&#8221;]<span style=\"color: #bce7ed;\">Gobierno<\/span> Humano y Eficaz[\/vc_custom_heading][\/vc_column][vc_column column_width_percent=&#8221;100&#8243; align_horizontal=&#8221;align_center&#8221; gutter_size=&#8221;3&#8243; override_padding=&#8221;yes&#8221; column_padding=&#8221;2&#8243; back_color=&#8221;color-xsdn&#8221; overlay_alpha=&#8221;50&#8243; preserve_border=&#8221;yes&#8221; preserve_border_tablet=&#8221;yes&#8221; preserve_border_mobile=&#8221;yes&#8221; border_color=&#8221;color-182017&#8243; border_style=&#8221;solid&#8221; shift_x=&#8221;0&#8243; shift_y=&#8221;-5&#8243; shift_y_down=&#8221;0&#8243; z_index=&#8221;2&#8243; medium_width=&#8221;0&#8243; mobile_width=&#8221;0&#8243; css_animation=&#8221;zoom-out&#8221; width=&#8221;1\/3&#8243; uncode_shortcode_id=&#8221;163135&#8243; back_color_type=&#8221;uncode-palette&#8221; css=&#8221;.vc_custom_1707936076402{border-top-width: 10px !important;border-right-width: 10px !important;border-bottom-width: 10px !important;border-left-width: 10px !important;}&#8221; border_color_type=&#8221;uncode-palette&#8221;][vc_custom_heading text_color=&#8221;color-182017&#8243; text_font=&#8221;font-175089&#8243; text_height=&#8221;&#8221; sub_reduced=&#8221;yes&#8221; uncode_shortcode_id=&#8221;312295&#8243; text_color_type=&#8221;uncode-palette&#8221; subheading=&#8221;DE LA ASOCIACI\u00d3N DE NACIONES DE&#8221;]Reuni\u00f3n con Embajadores[\/vc_custom_heading][vc_custom_heading text_color=&#8221;color-122019&#8243; heading_semantic=&#8221;h6&#8243; text_size=&#8221;h6&#8243; text_height=&#8221;&#8221; sub_reduced=&#8221;yes&#8221; uncode_shortcode_id=&#8221;875545&#8243; text_color_type=&#8221;uncode-palette&#8221;]ASIA SUDORIENTAL[\/vc_custom_heading][\/vc_column][\/vc_row][vc_row row_height_percent=&#8221;0&#8243; override_padding=&#8221;yes&#8221; h_padding=&#8221;5&#8243; top_padding=&#8221;0&#8243; bottom_padding=&#8221;3&#8243; back_color=&#8221;color-207167&#8243; overlay_alpha=&#8221;50&#8243; equal_height=&#8221;yes&#8221; gutter_size=&#8221;3&#8243; column_width_percent=&#8221;100&#8243; shift_y=&#8221;0&#8243; z_index=&#8221;0&#8243; inverted_device_order=&#8221;yes&#8221; uncode_shortcode_id=&#8221;189493&#8243; back_color_type=&#8221;uncode-palette&#8221;][vc_column column_width_percent=&#8221;100&#8243; align_horizontal=&#8221;align_center&#8221; gutter_size=&#8221;3&#8243; override_padding=&#8221;yes&#8221; column_padding=&#8221;0&#8243; overlay_alpha=&#8221;50&#8243; shift_x=&#8221;0&#8243; shift_y=&#8221;0&#8243; shift_y_down=&#8221;0&#8243; z_index=&#8221;0&#8243; medium_width=&#8221;0&#8243; mobile_width=&#8221;7&#8243; width=&#8221;1\/1&#8243; uncode_shortcode_id=&#8221;197562&#8243;][vc_column_text uncode_shortcode_id=&#8221;204211&#8243; el_class=&#8221;dropcap-gob&#8221;]<p>Se concret&oacute; la visita de trabajo a Guanajuato de los embajadores miembros de la Asociaci&oacute;n de Naciones de Asia Suboriental: Filipinas, Indonesia, Malasia, Tailandia y Vietnam, as&iacute; como de los embajadores de Espa&ntilde;a y Francia, con agendas enfocadas a fortalecer el intercambio comercial, cultural y tur&iacute;stico entre Guanajuato y esos pa&iacute;ses. Con la embajada de Brasil se sentaron las bases para el proyecto de innovaci&oacute;n cruzada entre IDEA GTO y esa naci&oacute;n.<\/p><br \/>\n<p>Fungimos como enlace con el Consejo de Desarrollo Comercial de Hong Kong y la Cofoce para la realizaci&oacute;n del seminario Hong Kong y el mercado de  China y Asia: Oportunidades para M&eacute;xico, en beneficio de empresarios guanajuatenses.<\/p><br \/>\n<p>Trabajamos coordinadamente con la Oficina de las Naciones Unidas contra la Droga y el Delito, Unodc, por sus siglas en ingl&eacute;s, con el objetivo de promover, desarrollar y reforzar pr&aacute;cticas &eacute;ticas en el servicio p&uacute;blico.<\/p><br \/>\n<p>Como parte de las acciones conjuntas, elaboramos el documento t&eacute;cnico del Protocolo de Prevenci&oacute;n de Conflictos de Inter&eacute;s, con la finalidad de otorgar a las personas servidoras p&uacute;blicas los instrumentos encaminados a fomentar una cultura &eacute;tica, transparente y honesta en nuestro estado, para erradicar esquemas, malas pr&aacute;cticas y posibles actos de corrupci&oacute;n.<\/p>[\/vc_column_text][\/vc_column][\/vc_row][vc_section back_color=&#8221;color-207167&#8243; back_image=&#8221;182110&#8243; back_repeat=&#8221;no-repeat&#8221; back_position=&#8221;center center&#8221; overlay_alpha=&#8221;50&#8243; uncode_shortcode_id=&#8221;207051&#8243; back_color_type=&#8221;uncode-palette&#8221; back_size=&#8221;contain&#8221;][vc_row row_height_percent=&#8221;0&#8243; override_padding=&#8221;yes&#8221; h_padding=&#8221;5&#8243; top_padding=&#8221;0&#8243; bottom_padding=&#8221;3&#8243; overlay_alpha=&#8221;50&#8243; equal_height=&#8221;yes&#8221; gutter_size=&#8221;3&#8243; column_width_percent=&#8221;100&#8243; shift_y=&#8221;0&#8243; z_index=&#8221;0&#8243; inverted_device_order=&#8221;yes&#8221; uncode_shortcode_id=&#8221;868054&#8243;][vc_column column_width_percent=&#8221;100&#8243; align_horizontal=&#8221;align_center&#8221; gutter_size=&#8221;3&#8243; override_padding=&#8221;yes&#8221; column_padding=&#8221;0&#8243; overlay_alpha=&#8221;50&#8243; shift_x=&#8221;0&#8243; shift_y=&#8221;0&#8243; shift_y_down=&#8221;0&#8243; z_index=&#8221;0&#8243; medium_width=&#8221;0&#8243; mobile_width=&#8221;7&#8243; width=&#8221;1\/1&#8243; uncode_shortcode_id=&#8221;197562&#8243;][vc_separator sep_color=&#8221;color-182017&#8243; uncode_shortcode_id=&#8221;115204&#8243; sep_color_type=&#8221;uncode-palette&#8221; el_width=&#8221;100%&#8221; el_height=&#8221;2px&#8221;][vc_column_text uncode_shortcode_id=&#8221;486022&#8243;]<p>Este documento es una herramienta que describe de manera clara la forma de gesti&oacute;n y procedimiento ante un posible caso de conflicto de inter&eacute;s.<\/p>[\/vc_column_text][vc_custom_heading text_color=&#8221;color-182017&#8243; text_font=&#8221;font-175089&#8243; text_size=&#8221;h1&#8243; text_height=&#8221;&#8221; sub_reduced=&#8221;yes&#8221; uncode_shortcode_id=&#8221;134349&#8243; text_color_type=&#8221;uncode-palette&#8221;]Colaboraci\u00f3n con Onudc para fortalecer la cultura de la \u00c9tica P\u00fablica[\/vc_custom_heading][\/vc_column][\/vc_row][vc_row row_height_percent=&#8221;0&#8243; override_padding=&#8221;yes&#8221; h_padding=&#8221;5&#8243; top_padding=&#8221;2&#8243; bottom_padding=&#8221;0&#8243; overlay_alpha=&#8221;50&#8243; equal_height=&#8221;yes&#8221; gutter_size=&#8221;3&#8243; column_width_percent=&#8221;100&#8243; shift_y=&#8221;0&#8243; z_index=&#8221;0&#8243; uncode_shortcode_id=&#8221;168709&#8243;][vc_column column_width_percent=&#8221;100&#8243; align_horizontal=&#8221;align_center&#8221; gutter_size=&#8221;0&#8243; override_padding=&#8221;yes&#8221; column_padding=&#8221;0&#8243; overlay_alpha=&#8221;50&#8243; shift_x=&#8221;0&#8243; shift_y=&#8221;0&#8243; shift_y_down=&#8221;0&#8243; z_index=&#8221;0&#8243; medium_width=&#8221;0&#8243; mobile_width=&#8221;0&#8243; width=&#8221;1\/2&#8243; uncode_shortcode_id=&#8221;745829&#8243;][vc_single_image media=&#8221;182108&#8243; media_width_percent=&#8221;100&#8243; alignment=&#8221;center&#8221; css_animation=&#8221;left-t-right&#8221; uncode_shortcode_id=&#8221;165817&#8243;][\/vc_column][vc_column column_width_percent=&#8221;100&#8243; position_vertical=&#8221;middle&#8221; align_horizontal=&#8221;align_center&#8221; gutter_size=&#8221;0&#8243; override_padding=&#8221;yes&#8221; column_padding=&#8221;0&#8243; overlay_alpha=&#8221;50&#8243; shift_x=&#8221;0&#8243; shift_y=&#8221;0&#8243; shift_y_down=&#8221;0&#8243; z_index=&#8221;0&#8243; medium_width=&#8221;0&#8243; mobile_width=&#8221;0&#8243; width=&#8221;1\/2&#8243; uncode_shortcode_id=&#8221;277306&#8243;][vc_custom_heading text_color=&#8221;color-182017&#8243; text_font=&#8221;font-175089&#8243; text_height=&#8221;&#8221; sub_reduced=&#8221;yes&#8221; uncode_shortcode_id=&#8221;359478&#8243; text_color_type=&#8221;uncode-palette&#8221;]Colaboraci\u00f3n con la Oficina de las Naciones Unidas contra la Droga y el Delito[\/vc_custom_heading][\/vc_column][\/vc_row][vc_row row_height_percent=&#8221;0&#8243; override_padding=&#8221;yes&#8221; h_padding=&#8221;5&#8243; top_padding=&#8221;2&#8243; bottom_padding=&#8221;2&#8243; overlay_alpha=&#8221;50&#8243; equal_height=&#8221;yes&#8221; gutter_size=&#8221;3&#8243; column_width_percent=&#8221;100&#8243; shift_y=&#8221;0&#8243; z_index=&#8221;0&#8243; uncode_shortcode_id=&#8221;110641&#8243;][vc_column column_width_percent=&#8221;100&#8243; align_horizontal=&#8221;align_center&#8221; gutter_size=&#8221;0&#8243; override_padding=&#8221;yes&#8221; column_padding=&#8221;0&#8243; overlay_alpha=&#8221;50&#8243; shift_x=&#8221;0&#8243; shift_y=&#8221;0&#8243; shift_y_down=&#8221;0&#8243; z_index=&#8221;0&#8243; medium_width=&#8221;0&#8243; mobile_width=&#8221;0&#8243; width=&#8221;1\/2&#8243; uncode_shortcode_id=&#8221;145605&#8243;][vc_single_image media=&#8221;182109&#8243; media_width_percent=&#8221;100&#8243; alignment=&#8221;center&#8221; css_animation=&#8221;left-t-right&#8221; uncode_shortcode_id=&#8221;141730&#8243;][vc_column_text text_lead=&#8221;small&#8221; uncode_shortcode_id=&#8221;499779&#8243;]<em>Fuente: Secretaria de la Transparencia y Rendici\u00f3n de Cuentas<\/em>[\/vc_column_text][\/vc_column][vc_column column_width_percent=&#8221;100&#8243; position_vertical=&#8221;middle&#8221; align_horizontal=&#8221;align_center&#8221; gutter_size=&#8221;0&#8243; override_padding=&#8221;yes&#8221; column_padding=&#8221;0&#8243; overlay_alpha=&#8221;50&#8243; shift_x=&#8221;0&#8243; shift_y=&#8221;0&#8243; shift_y_down=&#8221;0&#8243; z_index=&#8221;0&#8243; medium_width=&#8221;0&#8243; mobile_width=&#8221;0&#8243; width=&#8221;1\/2&#8243; uncode_shortcode_id=&#8221;754512&#8243;][vc_column_text uncode_shortcode_id=&#8221;298132&#8243;]Herramienta que describe la forma de gesti\u00f3n y procedimiento ante un posible caso de conflicto de inter\u00e9s.<\/p>\n<p>Otorgar a las personas servidoras p\u00fablicas los instrumentos para fomentar una cultura \u00e9tica, transparente y honesta en nuestro estado, para erradicar esquemas, malas pr\u00e1cticas y posibles actos de corrupci\u00f3n[\/vc_column_text][\/vc_column][\/vc_row][\/vc_section][vc_row row_height_percent=&#8221;0&#8243; override_padding=&#8221;yes&#8221; h_padding=&#8221;5&#8243; top_padding=&#8221;3&#8243; bottom_padding=&#8221;3&#8243; back_color=&#8221;color-207167&#8243; overlay_alpha=&#8221;50&#8243; equal_height=&#8221;yes&#8221; gutter_size=&#8221;3&#8243; column_width_percent=&#8221;100&#8243; shift_y=&#8221;0&#8243; z_index=&#8221;0&#8243; uncode_shortcode_id=&#8221;791525&#8243; back_color_type=&#8221;uncode-palette&#8221;][vc_column column_width_percent=&#8221;100&#8243; align_horizontal=&#8221;align_right&#8221; gutter_size=&#8221;0&#8243; override_padding=&#8221;yes&#8221; column_padding=&#8221;0&#8243; overlay_alpha=&#8221;50&#8243; shift_x=&#8221;0&#8243; shift_y=&#8221;0&#8243; shift_y_down=&#8221;0&#8243; z_index=&#8221;0&#8243; medium_width=&#8221;0&#8243; mobile_width=&#8221;0&#8243; sticky=&#8221;yes&#8221; width=&#8221;7\/12&#8243; uncode_shortcode_id=&#8221;214075&#8243;][vc_single_image media=&#8221;182121&#8243; media_width_percent=&#8221;100&#8243; alignment=&#8221;center&#8221; css_animation=&#8221;left-t-right&#8221; uncode_shortcode_id=&#8221;174655&#8243;][vc_row_inner row_inner_height_percent=&#8221;0&#8243; overlay_alpha=&#8221;50&#8243; gutter_size=&#8221;0&#8243; shift_y=&#8221;0&#8243; z_index=&#8221;0&#8243; uncode_shortcode_id=&#8221;119487&#8243; css=&#8221;.vc_custom_1707927528647{padding-right: 10% !important;padding-left: 10% !important;}&#8221;][vc_column_inner column_width_percent=&#8221;100&#8243; position_vertical=&#8221;middle&#8221; align_horizontal=&#8221;align_center&#8221; gutter_size=&#8221;0&#8243; override_padding=&#8221;yes&#8221; column_padding=&#8221;2&#8243; style=&#8221;dark&#8221; back_color=&#8221;color-182017&#8243; overlay_alpha=&#8221;50&#8243; shift_x=&#8221;0&#8243; shift_y=&#8221;-5&#8243; shift_y_fixed=&#8221;yes&#8221; shift_y_down=&#8221;0&#8243; z_index=&#8221;2&#8243; medium_width=&#8221;0&#8243; mobile_width=&#8221;0&#8243; css_animation=&#8221;left-t-right&#8221; radius=&#8221;xl&#8221; shadow=&#8221;std&#8221; width=&#8221;1\/1&#8243; uncode_shortcode_id=&#8221;135123&#8243; back_color_type=&#8221;uncode-palette&#8221;][vc_custom_heading heading_semantic=&#8221;h6&#8243; text_font=&#8221;font-113956&#8243; text_size=&#8221;h6&#8243; text_weight=&#8221;600&#8243; text_transform=&#8221;uppercase&#8221; text_height=&#8221;&#8221; sub_lead=&#8221;small&#8221; sub_reduced=&#8221;yes&#8221; uncode_shortcode_id=&#8221;135892&#8243;]Guanajuato, a la vanguardia en proyectos instrumentados en beneficio de nuestra ciudadan\u00eda[\/vc_custom_heading][\/vc_column_inner][\/vc_row_inner][\/vc_column][vc_column column_width_percent=&#8221;100&#8243; align_horizontal=&#8221;align_center&#8221; gutter_size=&#8221;3&#8243; override_padding=&#8221;yes&#8221; column_padding=&#8221;0&#8243; overlay_alpha=&#8221;50&#8243; shift_x=&#8221;0&#8243; shift_y=&#8221;0&#8243; shift_y_down=&#8221;0&#8243; z_index=&#8221;0&#8243; medium_width=&#8221;0&#8243; mobile_width=&#8221;0&#8243; width=&#8221;5\/12&#8243; uncode_shortcode_id=&#8221;147897&#8243;][vc_single_image media=&#8221;182122&#8243; media_width_percent=&#8221;100&#8243; alignment=&#8221;center&#8221; css_animation=&#8221;right-t-left&#8221; uncode_shortcode_id=&#8221;175863&#8243;][vc_row_inner row_inner_height_percent=&#8221;0&#8243; overlay_alpha=&#8221;50&#8243; gutter_size=&#8221;0&#8243; shift_y=&#8221;0&#8243; z_index=&#8221;0&#8243; uncode_shortcode_id=&#8221;122106&#8243; css=&#8221;.vc_custom_1707882239506{padding-right: 10% !important;padding-left: 10% !important;}&#8221;][vc_column_inner column_width_percent=&#8221;100&#8243; position_vertical=&#8221;middle&#8221; align_horizontal=&#8221;align_center&#8221; gutter_size=&#8221;0&#8243; override_padding=&#8221;yes&#8221; column_padding=&#8221;2&#8243; back_color=&#8221;color-xsdn&#8221; overlay_alpha=&#8221;50&#8243; preserve_border=&#8221;yes&#8221; preserve_border_tablet=&#8221;yes&#8221; preserve_border_mobile=&#8221;yes&#8221; border_color=&#8221;color-182017&#8243; border_style=&#8221;solid&#8221; shift_x=&#8221;0&#8243; shift_y=&#8221;-3&#8243; shift_y_fixed=&#8221;yes&#8221; shift_y_down=&#8221;0&#8243; z_index=&#8221;2&#8243; medium_width=&#8221;0&#8243; mobile_width=&#8221;0&#8243; css_animation=&#8221;zoom-in&#8221; width=&#8221;1\/1&#8243; uncode_shortcode_id=&#8221;146678&#8243; back_color_type=&#8221;uncode-palette&#8221; css=&#8221;.vc_custom_1707936561149{border-top-width: 10px !important;border-right-width: 10px !important;border-bottom-width: 10px !important;border-left-width: 10px !important;}&#8221; border_color_type=&#8221;uncode-palette&#8221;][vc_custom_heading text_color=&#8221;color-182017&#8243; text_font=&#8221;font-175089&#8243; text_height=&#8221;&#8221; sub_reduced=&#8221;yes&#8221; uncode_shortcode_id=&#8221;258721&#8243; text_color_type=&#8221;uncode-palette&#8221; subheading=&#8221;RECONOCIDAS A&#8221;]Las estrategias del ISSEG[\/vc_custom_heading][vc_custom_heading text_color=&#8221;color-122019&#8243; heading_semantic=&#8221;h4&#8243; text_size=&#8221;h4&#8243; text_height=&#8221;&#8221; sub_reduced=&#8221;yes&#8221; uncode_shortcode_id=&#8221;168810&#8243; text_color_type=&#8221;uncode-palette&#8221;]NIVEL INTERNACIONAL[\/vc_custom_heading][\/vc_column_inner][\/vc_row_inner][vc_column_text uncode_shortcode_id=&#8221;614446&#8243;]<p>Demostramos nuestro liderazgo a nivel internacional en materia de pensiones. Se obtuvieron dos reconocimientos en el Concurso de Buenas Pr&aacute;cticas para las Am&eacute;ricas 2023 de la Asociaci&oacute;n Internacional de Seguridad Social, que es el organismo l&iacute;der a nivel mundial en materia de pensiones y seguridad social.<\/p><br \/>\n<p>Participamos con dos proyectos que merecieron los reconocimientos de Certificado de M&eacute;rito con Menci&oacute;n Especial por el proyecto Implementaci&oacute;n de la Estrategia Liability Driven Investment; y Certificado de M&eacute;rito por el proyecto Implementaci&oacute;n del Sistema Integral de Planeaci&oacute;n Estrat&eacute;gica con Metas Alineadas al Estudio Actuarial. Esto es una muestra de que en Guanajuato buscamos estar a la vanguardia e instrumentar proyectos en beneficio de nuestra ciudadan&iacute;a.<\/p><br \/>\n<p>Somos un estado abierto al mundo. Consolidamos alianzas internacionales que nos permiten explorar nuevas metodolog&iacute;as y aprender de pa&iacute;ses exitosos en los temas de planeaci&oacute;n y evaluaci&oacute;n.<\/p><br \/>\n<p>En 2023, en el marco del trabajo colaborativo entre el gobierno de Guanajuato y la agencia Singapore Cooperation Enterprise, SCE, asesores expertos en inteligencia urbana y planeaci&oacute;n del gobierno de Singapur, a trav&eacute;s de webinars, reflexionaron y compartieron sus conocimientos y aprendizajes con funcionarios p&uacute;blicos del Estado.<\/p>[\/vc_column_text][\/vc_column][\/vc_row][vc_row row_height_percent=&#8221;0&#8243; override_padding=&#8221;yes&#8221; h_padding=&#8221;5&#8243; top_padding=&#8221;2&#8243; bottom_padding=&#8221;0&#8243; back_color=&#8221;color-207167&#8243; overlay_alpha=&#8221;50&#8243; equal_height=&#8221;yes&#8221; gutter_size=&#8221;3&#8243; column_width_percent=&#8221;100&#8243; shift_y=&#8221;0&#8243; z_index=&#8221;0&#8243; inverted_device_order=&#8221;yes&#8221; uncode_shortcode_id=&#8221;148591&#8243; back_color_type=&#8221;uncode-palette&#8221;][vc_column column_width_percent=&#8221;100&#8243; align_horizontal=&#8221;align_center&#8221; gutter_size=&#8221;3&#8243; override_padding=&#8221;yes&#8221; column_padding=&#8221;0&#8243; overlay_alpha=&#8221;50&#8243; shift_x=&#8221;0&#8243; shift_y=&#8221;0&#8243; shift_y_down=&#8221;0&#8243; z_index=&#8221;0&#8243; medium_width=&#8221;0&#8243; mobile_width=&#8221;7&#8243; width=&#8221;1\/1&#8243; uncode_shortcode_id=&#8221;197562&#8243;][vc_column_text uncode_shortcode_id=&#8221;186691&#8243;]<p>A su vez, tomando en cuenta la innovaci&oacute;n con la que desarrollamos los procesos de planeaci&oacute;n en la entidad, Ilpes &ndash; Cepal nos invit&oacute; a participar como panelistas en la XIX Reuni&oacute;n del Consejo Regional de Planificaci&oacute;n.<\/p><br \/>\n<p>Ante l&iacute;deres de pa&iacute;ses de Am&eacute;rica Latina y el Caribe, Guanajuato particip&oacute;, al lado de representantes de Brasil, Jamaica y Per&uacute;, en el panel La prospectiva como herramienta para construir una mejor gobernanza territorial.<\/p><br \/>\n<p>En esta reuni&oacute;n, Cepal present&oacute; la publicaci&oacute;n Prospectiva para el desarrollo. Aportes para una gobernanza territorial con mirada de futuro, en la que destacan la experiencia de Guanajuato como estado subnacional, junto a pa&iacute;ses como Argentina, Brasil, Colombia, Costa Rica, Jamaica, Panam&aacute;, Rep&uacute;blica Dominicana, Uruguay, entre otros.<\/p><br \/>\n<p>En el documento se describe el proceso de planificaci&oacute;n y prospectiva territorial de nuestro estado como un ejercicio de continuidad en el largo plazo, por m&aacute;s de tres d&eacute;cadas.<\/p><br \/>\n<p>En conjunto con la Asociaci&oacute;n de las Televisiones Educativas y Culturales Iberoamericanas, ATEI, a trav&eacute;s de TV4 fuimos sede de la Primera Cumbre Iberoamericana de Medios P&uacute;blicos. Representantes de 21 pa&iacute;ses que se reunieron para avanzar hacia el futuro en el contenido audiovisual que se ofrece a las audiencias, as&iacute; como fortalecer la cooperaci&oacute;n, el intercambio de ideas y el conocimiento entre los asociados para mantenerse a la vanguardia en tecnolog&iacute;a y en los nuevos formatos de comunicaci&oacute;n.<\/p><br \/>\n<p>Este Foro Internacional Multicultural forma parte del constante di&aacute;logo de Guanajuato con el mundo, por ello, en esta Cumbre se emiti&oacute; una declaratoria a trav&eacute;s de la Carta Guanajuato a favor de la cultura universal, la ciencia y la innovaci&oacute;n, aprovechando los avances tecnol&oacute;gicos para llegar a m&aacute;s espectadores.<\/p>[\/vc_column_text][\/vc_column][\/vc_row][vc_row row_height_percent=&#8221;0&#8243; override_padding=&#8221;yes&#8221; h_padding=&#8221;5&#8243; top_padding=&#8221;0&#8243; bottom_padding=&#8221;0&#8243; back_color=&#8221;color-207167&#8243; overlay_alpha=&#8221;50&#8243; gutter_size=&#8221;0&#8243; column_width_percent=&#8221;100&#8243; shift_y=&#8221;0&#8243; z_index=&#8221;0&#8243; uncode_shortcode_id=&#8221;134198&#8243; back_color_type=&#8221;uncode-palette&#8221;][vc_column column_width_percent=&#8221;100&#8243; position_vertical=&#8221;middle&#8221; align_horizontal=&#8221;align_right&#8221; gutter_size=&#8221;0&#8243; override_padding=&#8221;yes&#8221; column_padding=&#8221;0&#8243; style=&#8221;dark&#8221; overlay_alpha=&#8221;50&#8243; shift_x=&#8221;0&#8243; shift_y=&#8221;0&#8243; shift_y_down=&#8221;0&#8243; z_index=&#8221;0&#8243; medium_width=&#8221;0&#8243; mobile_width=&#8221;0&#8243; width=&#8221;1\/2&#8243; uncode_shortcode_id=&#8221;955456&#8243;][vc_row_inner row_inner_height_percent=&#8221;0&#8243; overlay_alpha=&#8221;50&#8243; gutter_size=&#8221;0&#8243; shift_y=&#8221;0&#8243; z_index=&#8221;0&#8243; uncode_shortcode_id=&#8221;613377&#8243;][vc_column_inner column_width_percent=&#8221;100&#8243; position_vertical=&#8221;middle&#8221; align_horizontal=&#8221;align_right&#8221; gutter_size=&#8221;0&#8243; override_padding=&#8221;yes&#8221; column_padding=&#8221;2&#8243; back_color=&#8221;color-xsdn&#8221; overlay_alpha=&#8221;50&#8243; preserve_border=&#8221;yes&#8221; preserve_border_tablet=&#8221;yes&#8221; preserve_border_mobile=&#8221;yes&#8221; border_color=&#8221;color-122019&#8243; border_style=&#8221;solid&#8221; shift_x=&#8221;0&#8243; shift_y=&#8221;0&#8243; shift_y_down=&#8221;0&#8243; z_index=&#8221;0&#8243; medium_width=&#8221;0&#8243; align_mobile=&#8221;align_center_mobile&#8221; mobile_width=&#8221;0&#8243; css_animation=&#8221;left-t-right&#8221; animation_delay=&#8221;400&#8243; width=&#8221;1\/1&#8243; uncode_shortcode_id=&#8221;920507&#8243; back_color_type=&#8221;uncode-palette&#8221; css=&#8221;.vc_custom_1707928082973{border-top-width: 10px !important;border-right-width: 10px !important;border-bottom-width: 10px !important;border-left-width: 10px !important;}&#8221; border_color_type=&#8221;uncode-palette&#8221;][vc_custom_heading text_color=&#8221;color-560105&#8243; text_font=&#8221;font-175089&#8243; text_height=&#8221;&#8221; sub_reduced=&#8221;yes&#8221; uncode_shortcode_id=&#8221;160153&#8243; text_color_type=&#8221;uncode-palette&#8221; subheading=&#8221;DIRECTORA GENERAL DE IIpes-Cepal&#8221;]Cielos Morales[\/vc_custom_heading][\/vc_column_inner][\/vc_row_inner][\/vc_column][vc_column column_width_percent=&#8221;100&#8243; gutter_size=&#8221;3&#8243; overlay_alpha=&#8221;50&#8243; shift_x=&#8221;-2&#8243; shift_y=&#8221;0&#8243; shift_y_down=&#8221;0&#8243; z_index=&#8221;2&#8243; medium_width=&#8221;0&#8243; mobile_width=&#8221;0&#8243; width=&#8221;1\/2&#8243; uncode_shortcode_id=&#8221;185672&#8243;][vc_single_image media=&#8221;182136&#8243; media_width_percent=&#8221;100&#8243; alignment=&#8221;center&#8221; css_animation=&#8221;zoom-in&#8221; uncode_shortcode_id=&#8221;514274&#8243;][\/vc_column][\/vc_row][vc_row unlock_row_content=&#8221;yes&#8221; row_height_percent=&#8221;0&#8243; override_padding=&#8221;yes&#8221; h_padding=&#8221;0&#8243; top_padding=&#8221;0&#8243; bottom_padding=&#8221;0&#8243; back_color=&#8221;color-207167&#8243; overlay_alpha=&#8221;50&#8243; gutter_size=&#8221;0&#8243; column_width_percent=&#8221;100&#8243; shift_y=&#8221;-5&#8243; z_index=&#8221;0&#8243; uncode_shortcode_id=&#8221;197322&#8243; back_color_type=&#8221;uncode-palette&#8221;][vc_column column_width_percent=&#8221;100&#8243; align_horizontal=&#8221;align_center&#8221; gutter_size=&#8221;0&#8243; override_padding=&#8221;yes&#8221; column_padding=&#8221;0&#8243; overlay_alpha=&#8221;50&#8243; shift_x=&#8221;0&#8243; shift_y=&#8221;0&#8243; shift_y_down=&#8221;0&#8243; z_index=&#8221;0&#8243; medium_width=&#8221;0&#8243; mobile_width=&#8221;0&#8243; width=&#8221;1\/1&#8243; uncode_shortcode_id=&#8221;615923&#8243;][vc_single_image media=&#8221;182137&#8243; media_width_percent=&#8221;100&#8243; alignment=&#8221;center&#8221; css_animation=&#8221;top-t-bottom&#8221; uncode_shortcode_id=&#8221;207466&#8243;][\/vc_column][\/vc_row]<\/p>\n<\/div>","protected":false},"excerpt":{"rendered":"<p>[vc_row row_height_percent=&#8221;100&#8243; override_padding=&#8221;yes&#8221; h_padding=&#8221;2&#8243; top_padding=&#8221;2&#8243; bottom_padding=&#8221;4&#8243; back_color=&#8221;color-210407&#8243; overlay_alpha=&#8221;50&#8243; gutter_size=&#8221;3&#8243; column_width_percent=&#8221;100&#8243; shift_y=&#8221;0&#8243; z_index=&#8221;0&#8243; enable_bottom_divider=&#8221;default&#8221; shape_bottom_h_use_pixel=&#8221;&#8221; shape_bottom_height=&#8221;90&#8243; shape_bottom_opacity=&#8221;100&#8243; shape_bottom_index=&#8221;0&#8243; uncode_shortcode_id=&#8221;180763&#8243; back_color_type=&#8221;uncode-palette&#8221; shape_bottom_color_type=&#8221;uncode-solid&#8221; [&hellip;]<\/p>\n","protected":false},"author":3,"featured_media":0,"comment_status":"open","ping_status":"open","sticky":false,"template":"","format":"standard","meta":{"footnotes":""},"categories":[1],"tags":[],"_links":{"self":[{"href":"https:\/\/6toinformeds.guanajuato.gob.mx\/index.php\/wp-json\/wp\/v2\/posts\/181715"}],"collection":[{"href":"https:\/\/6toinformeds.guanajuato.gob.mx\/index.php\/wp-json\/wp\/v2\/posts"}],"about":[{"href":"https:\/\/6toinformeds.guanajuato.gob.mx\/index.php\/wp-json\/wp\/v2\/types\/post"}],"author":[{"embeddable":true,"href":"https:\/\/6toinformeds.guanajuato.gob.mx\/index.php\/wp-json\/wp\/v2\/users\/3"}],"replies":[{"embeddable":true,"href":"https:\/\/6toinformeds.guanajuato.gob.mx\/index.php\/wp-json\/wp\/v2\/comments?post=181715"}],"version-history":[{"count":228,"href":"https:\/\/6toinformeds.guanajuato.gob.mx\/index.php\/wp-json\/wp\/v2\/posts\/181715\/revisions"}],"predecessor-version":[{"id":193574,"href":"https:\/\/6toinformeds.guanajuato.gob.mx\/index.php\/wp-json\/wp\/v2\/posts\/181715\/revisions\/193574"}],"wp:attachment":[{"href":"https:\/\/6toinformeds.guanajuato.gob.mx\/index.php\/wp-json\/wp\/v2\/media?parent=181715"}],"wp:term":[{"taxonomy":"category","embeddable":true,"href":"https:\/\/6toinformeds.guanajuato.gob.mx\/index.php\/wp-json\/wp\/v2\/categories?post=181715"},{"taxonomy":"post_tag","embeddable":true,"href":"https:\/\/6toinformeds.guanajuato.gob.mx\/index.php\/wp-json\/wp\/v2\/tags?post=181715"}],"curies":[{"name":"wp","href":"https:\/\/api.w.org\/{rel}","templated":true}]}}