{"id":177929,"date":"2024-02-12T13:49:10","date_gmt":"2024-02-12T19:49:10","guid":{"rendered":"https:\/\/6toinformeds.guanajuato.gob.mx\/?p=177929"},"modified":"2024-02-15T11:48:46","modified_gmt":"2024-02-15T17:48:46","slug":"cambios-de-grandeza-educacion-del-calidad","status":"publish","type":"post","link":"https:\/\/6toinformeds.guanajuato.gob.mx\/index.php\/cambios-de-grandeza-educacion-del-calidad\/","title":{"rendered":"Cambios de Grandeza &#8211; Educaci\u00f3n del Calidad"},"content":{"rendered":"<div class=\"wpb-content-wrapper\"><p>[vc_section back_image=&#8221;177933&#8243; back_repeat=&#8221;no-repeat&#8221; back_position=&#8221;right top&#8221; overlay_alpha=&#8221;100&#8243; uncode_shortcode_id=&#8221;678674&#8243; back_size=&#8221;cover&#8221; overlay_color_type=&#8221;uncode-gradient&#8221; overlay_color_gradient=&#8221;{&#8220;css&#8220;:&#8220;background: linear-gradient(to right , rgba(0, 0, 0, 0.9) 11% , rgba(0, 0, 0, 0.3) 77%);&#8220;,&#8220;sliders&#8220;:`{`{&#8220;color&#8220;:&#8220;rgba(0, 0, 0, 0.9)&#8220;,&#8220;position&#8220;:11},{&#8220;color&#8220;:&#8220;rgba(0, 0, 0, 0.3)&#8220;,&#8220;position&#8220;:77}`}`,&#8220;type&#8220;:&#8220;linear&#8220;,&#8220;direction&#8220;:&#8220;left&#8220;}&#8221;][vc_row unlock_row_content=&#8221;yes&#8221; row_height_percent=&#8221;0&#8243; override_padding=&#8221;yes&#8221; h_padding=&#8221;0&#8243; top_padding=&#8221;0&#8243; bottom_padding=&#8221;3&#8243; overlay_alpha=&#8221;50&#8243; gutter_size=&#8221;0&#8243; column_width_percent=&#8221;100&#8243; shift_y=&#8221;0&#8243; z_index=&#8221;0&#8243; uncode_shortcode_id=&#8221;299622&#8243; css=&#8221;.vc_custom_1707768237756{margin-top: 10% !important;padding-right: 10% !important;}&#8221;][vc_column column_width_percent=&#8221;100&#8243; position_horizontal=&#8221;left&#8221; gutter_size=&#8221;0&#8243; override_padding=&#8221;yes&#8221; column_padding=&#8221;3&#8243; style=&#8221;dark&#8221; back_color=&#8221;color-121136&#8243; back_image=&#8221;121406&#8243; back_repeat=&#8221;no-repeat&#8221; back_position=&#8221;center center&#8221; overlay_alpha=&#8221;50&#8243; shift_x=&#8221;0&#8243; shift_y=&#8221;0&#8243; shift_y_down=&#8221;0&#8243; z_index=&#8221;2&#8243; medium_width=&#8221;0&#8243; mobile_width=&#8221;7&#8243; css_animation=&#8221;left-t-right&#8221; radius=&#8221;xl&#8221; shadow=&#8221;std&#8221; width=&#8221;1\/1&#8243; uncode_shortcode_id=&#8221;166848&#8243; back_color_type=&#8221;uncode-palette&#8221; back_size=&#8221;cover&#8221;][vc_custom_heading text_color=&#8221;color-xsdn&#8221; heading_semantic=&#8221;h1&#8243; text_font=&#8221;font-175089&#8243; text_size=&#8221;h1&#8243; text_height=&#8221;&#8221; sub_lead=&#8221;yes&#8221; sub_reduced=&#8221;yes&#8221; uncode_shortcode_id=&#8221;139284&#8243; text_color_type=&#8221;uncode-palette&#8221;]<span style=\"color: #d4dbf2;\">Educaci\u00f3n<\/span> de Calidad[\/vc_custom_heading][\/vc_column][\/vc_row][vc_row row_height_percent=&#8221;0&#8243; override_padding=&#8221;yes&#8221; h_padding=&#8221;5&#8243; top_padding=&#8221;0&#8243; bottom_padding=&#8221;2&#8243; overlay_alpha=&#8221;50&#8243; gutter_size=&#8221;3&#8243; column_width_percent=&#8221;100&#8243; shift_y=&#8221;0&#8243; z_index=&#8221;0&#8243; uncode_shortcode_id=&#8221;122731&#8243;][vc_column column_width_percent=&#8221;100&#8243; position_horizontal=&#8221;left&#8221; gutter_size=&#8221;3&#8243; override_padding=&#8221;yes&#8221; column_padding=&#8221;0&#8243; style=&#8221;dark&#8221; overlay_alpha=&#8221;50&#8243; shift_x=&#8221;0&#8243; shift_y=&#8221;0&#8243; shift_y_down=&#8221;0&#8243; z_index=&#8221;2&#8243; medium_width=&#8221;0&#8243; mobile_width=&#8221;7&#8243; css_animation=&#8221;left-t-right&#8221; width=&#8221;7\/12&#8243; uncode_shortcode_id=&#8221;208075&#8243;][vc_row_inner row_inner_height_percent=&#8221;0&#8243; overlay_alpha=&#8221;50&#8243; gutter_size=&#8221;0&#8243; shift_y=&#8221;0&#8243; z_index=&#8221;0&#8243; desktop_visibility=&#8221;yes&#8221; medium_visibility=&#8221;yes&#8221; uncode_shortcode_id=&#8221;164957&#8243; css=&#8221;.vc_custom_1707945274690{margin-bottom: 30px !important;}&#8221;][vc_column_inner column_width_percent=&#8221;100&#8243; gutter_size=&#8221;0&#8243; override_padding=&#8221;yes&#8221; column_padding=&#8221;0&#8243; overlay_alpha=&#8221;50&#8243; shift_x=&#8221;0&#8243; shift_y=&#8221;0&#8243; shift_y_down=&#8221;0&#8243; z_index=&#8221;0&#8243; medium_width=&#8221;0&#8243; mobile_width=&#8221;0&#8243; width=&#8221;1\/1&#8243; uncode_shortcode_id=&#8221;208037&#8243;][vc_single_image media=&#8221;182529&#8243; media_width_percent=&#8221;100&#8243; media_ratio=&#8221;one-one&#8221; alignment=&#8221;center&#8221; shape=&#8221;img-round&#8221; radius=&#8221;xl&#8221; shadow=&#8221;yes&#8221; shadow_weight=&#8221;std&#8221; shadow_darker=&#8221;yes&#8221; uncode_shortcode_id=&#8221;576586&#8243;][\/vc_column_inner][\/vc_row_inner][vc_column_text uncode_shortcode_id=&#8221;141569&#8243; el_class=&#8221;dropcap-ed&#8221;]<p>En Guanajuato, siempre le hemos apostado a la educaci&oacute;n porque es la llave que abre todas las puertas al desarrollo, es la mejor herencia que le podemos dejar a las ni&ntilde;as, ni&ntilde;os, adolescentes y j&oacute;venes. Con escuelas y docentes de primer nivel estamos construyendo el Sistema Educativo de Guanajuato, como el mejor del pa&iacute;s.<\/p><br \/>\n<p>Los pa&iacute;ses que van a la vanguardia en el desarrollo de sus sociedades saben que apostar por la educaci&oacute;n es el principal camino para enfrentar los grandes desaf&iacute;os actuales y los que vienen. La construimos desde el respeto a los derechos humanos, preocup&aacute;ndonos por el bien com&uacute;n, para tener futuro sostenible y pr&oacute;spero.<\/p><br \/>\n<p>Los desaf&iacute;os que tenemos son grandes, la sostenibilidad, conocimiento, aprendizaje, docentes, ense&ntilde;anza, capacidades, competencias, ciudadan&iacute;a, investigaci&oacute;n e innovaci&oacute;n, son temas complejos que nos hemos esforzado por abordar, para construir entre todos, el mejor sistema educativo de M&eacute;xico.<\/p><br \/>\n<p>Entre el t&eacute;rmino del ciclo escolar 2017-2018 y el 2021-2022 en educaci&oacute;n b&aacute;sica mejor&oacute; el porcentaje de alumnos que terminan los estudios del nivel correspondiente. En primaria, en promedio egres&oacute; el 97 por ciento; en secundaria, la eficiencia terminal increment&oacute; de 85.5 a 90.5 por ciento. En la EMS el porcentaje de alumnos que termina oportunamente estos estudios pas&oacute; del 58.3 al 60.6 por ciento.<\/p><br \/>\n<p>Como una resultante de la mejora en la escolarizaci&oacute;n de la poblaci&oacute;n de 16 a 21 a&ntilde;os en educaci&oacute;n media superior, la carencia social por rezago educativo que estima el Consejo Nacional de Evaluaci&oacute;n en la Pol&iacute;tica de Desarrollo Social, Coneval descendi&oacute; del 23.2 al 22.8 por ciento.<\/p>[\/vc_column_text][\/vc_column][vc_column column_width_percent=&#8221;100&#8243; position_vertical=&#8221;bottom&#8221; gutter_size=&#8221;3&#8243; overlay_alpha=&#8221;50&#8243; shift_x=&#8221;0&#8243; shift_y=&#8221;0&#8243; shift_y_down=&#8221;0&#8243; z_index=&#8221;0&#8243; medium_width=&#8221;0&#8243; mobile_width=&#8221;0&#8243; width=&#8221;5\/12&#8243; uncode_shortcode_id=&#8221;169944&#8243;][vc_row_inner row_inner_height_percent=&#8221;0&#8243; overlay_alpha=&#8221;50&#8243; gutter_size=&#8221;0&#8243; shift_y=&#8221;0&#8243; z_index=&#8221;0&#8243; uncode_shortcode_id=&#8221;373500&#8243;][vc_column_inner column_width_percent=&#8221;100&#8243; position_vertical=&#8221;middle&#8221; align_horizontal=&#8221;align_center&#8221; gutter_size=&#8221;0&#8243; override_padding=&#8221;yes&#8221; column_padding=&#8221;2&#8243; back_color=&#8221;color-xsdn&#8221; overlay_alpha=&#8221;50&#8243; preserve_border=&#8221;yes&#8221; preserve_border_tablet=&#8221;yes&#8221; preserve_border_mobile=&#8221;yes&#8221; border_color=&#8221;color-121136&#8243; border_style=&#8221;solid&#8221; shift_x=&#8221;0&#8243; shift_y=&#8221;0&#8243; shift_y_down=&#8221;0&#8243; z_index=&#8221;2&#8243; medium_width=&#8221;0&#8243; mobile_width=&#8221;0&#8243; css_animation=&#8221;zoom-in&#8221; width=&#8221;1\/1&#8243; uncode_shortcode_id=&#8221;152319&#8243; back_color_type=&#8221;uncode-palette&#8221; css=&#8221;.vc_custom_1707767844251{border-top-width: 10px !important;border-right-width: 10px !important;border-bottom-width: 10px !important;border-left-width: 10px !important;}&#8221; border_color_type=&#8221;uncode-palette&#8221;][vc_custom_heading text_color=&#8221;color-121136&#8243; heading_semantic=&#8221;h3&#8243; text_font=&#8221;font-113956&#8243; text_size=&#8221;h3&#8243; text_weight=&#8221;900&#8243; text_height=&#8221;&#8221; text_italic=&#8221;yes&#8221; sub_lead=&#8221;small&#8221; sub_reduced=&#8221;yes&#8221; uncode_shortcode_id=&#8221;735879&#8243; text_color_type=&#8221;uncode-palette&#8221; subheading=&#8221;BIEN Y A TIEMPO&#8221;]M\u00c1S ESTUDIANTES CONCLUYEN SU EDUCACI\u00d3N B\u00c1SICA[\/vc_custom_heading][\/vc_column_inner][\/vc_row_inner][\/vc_column][\/vc_row][\/vc_section][vc_row unlock_row_content=&#8221;yes&#8221; row_height_percent=&#8221;0&#8243; override_padding=&#8221;yes&#8221; h_padding=&#8221;0&#8243; top_padding=&#8221;0&#8243; bottom_padding=&#8221;2&#8243; overlay_alpha=&#8221;50&#8243; gutter_size=&#8221;0&#8243; column_width_percent=&#8221;100&#8243; shift_y=&#8221;0&#8243; z_index=&#8221;0&#8243; uncode_shortcode_id=&#8221;564706&#8243; shape_dividers=&#8221;&#8221;][vc_column column_width_percent=&#8221;100&#8243; align_horizontal=&#8221;align_center&#8221; gutter_size=&#8221;0&#8243; override_padding=&#8221;yes&#8221; column_padding=&#8221;0&#8243; overlay_alpha=&#8221;50&#8243; shift_x=&#8221;0&#8243; shift_y=&#8221;0&#8243; shift_y_down=&#8221;0&#8243; z_index=&#8221;0&#8243; medium_width=&#8221;0&#8243; mobile_width=&#8221;0&#8243; width=&#8221;1\/1&#8243; uncode_shortcode_id=&#8221;615923&#8243;][vc_single_image media=&#8221;177959&#8243; media_width_percent=&#8221;100&#8243; alignment=&#8221;center&#8221; css_animation=&#8221;top-t-bottom&#8221; uncode_shortcode_id=&#8221;142846&#8243;][\/vc_column][\/vc_row][vc_row row_height_percent=&#8221;0&#8243; override_padding=&#8221;yes&#8221; h_padding=&#8221;5&#8243; top_padding=&#8221;5&#8243; bottom_padding=&#8221;2&#8243; overlay_alpha=&#8221;50&#8243; gutter_size=&#8221;3&#8243; column_width_percent=&#8221;100&#8243; border_style=&#8221;solid&#8221; shift_y=&#8221;0&#8243; z_index=&#8221;0&#8243; uncode_shortcode_id=&#8221;413784&#8243; shape_dividers=&#8221;&#8221;][vc_column column_width_percent=&#8221;100&#8243; gutter_size=&#8221;0&#8243; override_padding=&#8221;yes&#8221; column_padding=&#8221;0&#8243; overlay_alpha=&#8221;50&#8243; shift_x=&#8221;0&#8243; shift_y=&#8221;-5&#8243; shift_y_down=&#8221;0&#8243; z_index=&#8221;2&#8243; medium_width=&#8221;0&#8243; mobile_width=&#8221;0&#8243; width=&#8221;7\/12&#8243; uncode_shortcode_id=&#8221;148364&#8243;][vc_column_text uncode_shortcode_id=&#8221;129744&#8243;]<p>Formaci&oacute;n, integridad y honor. Con los Bachilleratos Bivalentes Militarizados, Batall&oacute;n Primer Ligero 2 mil 803 estudiantes reciben una educaci&oacute;n integral que trasciende lo acad&eacute;mico y se adentra a la formaci&oacute;n de valores, car&aacute;cter y liderazgo. En dichos planteles 1 mil 159 alumnos de cuatro generaciones culminaron con &eacute;xito sus estudios, certific&aacute;ndose en carreras t&eacute;cnicas como ciberseguridad, protecci&oacute;n civil y seguridad ciudadana; lo que refleja la orientaci&oacute;n hacia competencias y habilidades profesionales relevantes para el entorno actual. A trav&eacute;s de este subsistema el 67 por ciento de j&oacute;venes se integran a la educaci&oacute;n superior.<\/p><br \/>\n<p>Guanajuato es la sexta entidad con m&aacute;s mujeres form&aacute;ndose para la innovaci&oacute;n cient&iacute;fica y tecnol&oacute;gica, con lo que avanzamos hacia la igualdad de g&eacute;nero. De acuerdo con la Asociaci&oacute;n Nacional de Universidades e Instituciones de Educaci&oacute;n Superior, Anuies, entre 2018 y 2022 la matr&iacute;cula femenina de estos campos creci&oacute; en 17.1 por ciento; durante el &uacute;ltimo a&ntilde;o las mujeres integran el 32.5 por ciento del estudiantado de estas carreras.<\/p><br \/>\n<p>Durante este gobierno, avanzamos siete posiciones a nivel nacional en cobertura de educaci&oacute;n superior. Nos enorgullece contar con el ecosistema de educaci&oacute;n superior m&aacute;s completo de M&eacute;xico que ofrece una variedad de programas acad&eacute;micos, que abarcan desde ciencias hasta humanidades y artes. Destaca el inicio de operaci&oacute;n de la Universidad Intercultural del Estado de Guanajuato, Uigto, en Comonfort y la Universidad Nacional Aut&oacute;noma de M&eacute;xico, UNAM, sede San Miguel de Allende.<\/p>[\/vc_column_text][\/vc_column][vc_column column_width_percent=&#8221;100&#8243; gutter_size=&#8221;0&#8243; override_padding=&#8221;yes&#8221; column_padding=&#8221;0&#8243; overlay_alpha=&#8221;50&#8243; shift_x=&#8221;0&#8243; shift_y=&#8221;0&#8243; shift_y_down=&#8221;0&#8243; z_index=&#8221;0&#8243; medium_width=&#8221;0&#8243; mobile_width=&#8221;0&#8243; sticky=&#8221;yes&#8221; width=&#8221;5\/12&#8243; uncode_shortcode_id=&#8221;193394&#8243;][vc_row_inner row_inner_height_percent=&#8221;0&#8243; overlay_alpha=&#8221;50&#8243; gutter_size=&#8221;0&#8243; shift_y=&#8221;0&#8243; z_index=&#8221;0&#8243; uncode_shortcode_id=&#8221;373500&#8243;][vc_column_inner column_width_percent=&#8221;100&#8243; position_vertical=&#8221;middle&#8221; align_horizontal=&#8221;align_center&#8221; gutter_size=&#8221;0&#8243; override_padding=&#8221;yes&#8221; column_padding=&#8221;2&#8243; back_color=&#8221;color-xsdn&#8221; overlay_alpha=&#8221;50&#8243; preserve_border=&#8221;yes&#8221; preserve_border_tablet=&#8221;yes&#8221; preserve_border_mobile=&#8221;yes&#8221; border_color=&#8221;color-121136&#8243; border_style=&#8221;solid&#8221; shift_x=&#8221;0&#8243; shift_y=&#8221;0&#8243; shift_y_down=&#8221;0&#8243; z_index=&#8221;2&#8243; medium_width=&#8221;0&#8243; mobile_width=&#8221;0&#8243; css_animation=&#8221;zoom-in&#8221; width=&#8221;1\/1&#8243; uncode_shortcode_id=&#8221;744237&#8243; back_color_type=&#8221;uncode-palette&#8221; css=&#8221;.vc_custom_1707769142482{border-top-width: 10px !important;border-right-width: 10px !important;border-bottom-width: 10px !important;border-left-width: 10px !important;}&#8221; border_color_type=&#8221;uncode-palette&#8221;][vc_custom_heading text_color=&#8221;color-121136&#8243; heading_semantic=&#8221;h3&#8243; text_font=&#8221;font-113956&#8243; text_size=&#8221;h3&#8243; text_weight=&#8221;900&#8243; text_height=&#8221;&#8221; text_italic=&#8221;yes&#8221; sub_lead=&#8221;small&#8221; sub_reduced=&#8221;yes&#8221; uncode_shortcode_id=&#8221;967936&#8243; text_color_type=&#8221;uncode-palette&#8221; subheading=&#8221;OFRECE A NUESTROS J\u00d3VENES UNA FORMACI\u00d3N INTEGRAL&#8221;]EL BACHILLERATO BIVALENTE MILITARIZADO[\/vc_custom_heading][vc_icon icon_image=&#8221;177960&#8243; media_size=&#8221;100&#8243; heading_semantic=&#8221;h6&#8243; text_font=&#8221;font-113956&#8243; text_size=&#8221;&#8221; text_height=&#8221;&#8221; text_lead=&#8221;yes&#8221; text_reduced=&#8221;yes&#8221; uncode_shortcode_id=&#8221;407130&#8243;][\/vc_icon][\/vc_column_inner][\/vc_row_inner][\/vc_column][\/vc_row][vc_row row_height_percent=&#8221;0&#8243; override_padding=&#8221;yes&#8221; h_padding=&#8221;5&#8243; top_padding=&#8221;2&#8243; bottom_padding=&#8221;0&#8243; overlay_alpha=&#8221;50&#8243; gutter_size=&#8221;0&#8243; column_width_percent=&#8221;100&#8243; shift_y=&#8221;0&#8243; z_index=&#8221;0&#8243; uncode_shortcode_id=&#8221;182367&#8243;][vc_column column_width_percent=&#8221;100&#8243; gutter_size=&#8221;3&#8243; override_padding=&#8221;yes&#8221; column_padding=&#8221;0&#8243; overlay_alpha=&#8221;50&#8243; shift_x=&#8221;0&#8243; shift_y=&#8221;0&#8243; shift_y_down=&#8221;0&#8243; z_index=&#8221;0&#8243; medium_width=&#8221;0&#8243; mobile_width=&#8221;0&#8243; width=&#8221;1\/1&#8243; uncode_shortcode_id=&#8221;426046&#8243;][vc_separator sep_color=&#8221;color-121136&#8243; uncode_shortcode_id=&#8221;196080&#8243; sep_color_type=&#8221;uncode-palette&#8221; el_width=&#8221;100%&#8221; el_height=&#8221;2px&#8221;][vc_column_text uncode_shortcode_id=&#8221;560644&#8243;]<p>Al comienzo de esta Administraci&oacute;n, en el ciclo escolar 2018-2019 en las licenciaturas atend&iacute;amos al 31 por ciento de la poblaci&oacute;n de 18 a 22 a&ntilde;os. En el ciclo escolar 2022-2023 ya atend&iacute;amos al 37.9 por ciento de estos j&oacute;venes, por lo que en este indicador avanzamos de la posici&oacute;n nacional 26 a la 19.<\/p><br \/>\n<p>La Universidad Virtual del Estado de Guanajuato, UVEG, cuenta con el reconocimiento por parte de la Unesco y el Instituto para la Educaci&oacute;n Superior en Am&eacute;rica Latina y el Caribe, Iesalc. Es la &uacute;nica de su tipo que pertenece a la Asociaci&oacute;n Nacional de Universidades e Instituciones de Educaci&oacute;n Superior, Anuies, debido, entre otros factores, a su presencia en m&aacute;s de 90 pa&iacute;ses y a que los Comit&eacute;s Interinstitucionales para la Evaluaci&oacute;n de la Educaci&oacute;n Superior, A.C., Ciees, reconocen la calidad de sus programas.<\/p><br \/>\n<p>Su voz se escucha, valora y respeta. A trav&eacute;s del programa televisivo Hablemos de Discapacidad, difundimos los avances y desaf&iacute;os en la agenda para lograr un Guanajuato m&aacute;s incluyente. Este espacio pionero a nivel nacional, re&uacute;ne a personas con discapacidad, expertos, autoridades y organizaciones civiles, que ofrecen un panorama amplio y enriquecido sobre diversos temas.<\/p><br \/>\n<p>Llevamos la metodolog&iacute;a italiana Joy of Moving a 11 comunidades, en donde fomentamos la participaci&oacute;n de 546 personas en actividad f&iacute;sica, convivencia, comunicaci&oacute;n asertiva, as&iacute; como una alimentaci&oacute;n sana, variada y suficiente; todo ello, a partir de la firma del convenio de colaboraci&oacute;n entre el Gobierno del Estado y Grupo Ferrero.<\/p>[\/vc_column_text][vc_row_inner row_inner_height_percent=&#8221;0&#8243; overlay_alpha=&#8221;50&#8243; gutter_size=&#8221;0&#8243; shift_y=&#8221;0&#8243; z_index=&#8221;0&#8243; uncode_shortcode_id=&#8221;198618&#8243; css=&#8221;.vc_custom_1707766307911{border-right-width: 25% !important;border-left-width: 25% !important;}&#8221;][vc_column_inner column_width_percent=&#8221;100&#8243; position_vertical=&#8221;middle&#8221; align_horizontal=&#8221;align_center&#8221; gutter_size=&#8221;0&#8243; override_padding=&#8221;yes&#8221; column_padding=&#8221;2&#8243; back_color=&#8221;color-xsdn&#8221; overlay_alpha=&#8221;50&#8243; preserve_border=&#8221;yes&#8221; preserve_border_tablet=&#8221;yes&#8221; preserve_border_mobile=&#8221;yes&#8221; border_color=&#8221;color-121136&#8243; border_style=&#8221;solid&#8221; shift_x=&#8221;0&#8243; shift_y=&#8221;0&#8243; shift_y_down=&#8221;-3&#8243; shift_y_down_fixed=&#8221;yes&#8221; z_index=&#8221;2&#8243; medium_width=&#8221;0&#8243; mobile_width=&#8221;0&#8243; css_animation=&#8221;zoom-in&#8221; width=&#8221;1\/1&#8243; uncode_shortcode_id=&#8221;144562&#8243; back_color_type=&#8221;uncode-palette&#8221; css=&#8221;.vc_custom_1707942601851{border-top-width: 10px !important;border-right-width: 10px !important;border-bottom-width: 10px !important;border-left-width: 10px !important;}&#8221; border_color_type=&#8221;uncode-palette&#8221;][vc_column_text text_lead=&#8221;yes&#8221; uncode_shortcode_id=&#8221;360322&#8243;]<\/p>\n<p style=\"text-align: center;\">CONSOLIDAMOS EL<\/p>\n<p>[\/vc_column_text][vc_custom_heading text_color=&#8221;color-121136&#8243; heading_semantic=&#8221;h3&#8243; text_font=&#8221;font-113956&#8243; text_size=&#8221;h3&#8243; text_weight=&#8221;900&#8243; text_transform=&#8221;uppercase&#8221; text_height=&#8221;&#8221; text_italic=&#8221;yes&#8221; sub_lead=&#8221;yes&#8221; sub_reduced=&#8221;yes&#8221; uncode_shortcode_id=&#8221;424526&#8243; text_color_type=&#8221;uncode-palette&#8221; subheading=&#8221;PARA LA ATENCI\u00d3N DE LAS JUVENTUDES DE GUANAJUATO&#8221;]INSTITUTO M\u00c1S INNOVADOR E INTEGRAL[\/vc_custom_heading][\/vc_column_inner][\/vc_row_inner][\/vc_column][\/vc_row][vc_row unlock_row_content=&#8221;yes&#8221; row_height_percent=&#8221;0&#8243; override_padding=&#8221;yes&#8221; h_padding=&#8221;0&#8243; top_padding=&#8221;0&#8243; bottom_padding=&#8221;0&#8243; overlay_alpha=&#8221;50&#8243; gutter_size=&#8221;0&#8243; column_width_percent=&#8221;100&#8243; shift_y=&#8221;0&#8243; z_index=&#8221;0&#8243; uncode_shortcode_id=&#8221;144530&#8243;][vc_column column_width_percent=&#8221;100&#8243; align_horizontal=&#8221;align_center&#8221; gutter_size=&#8221;0&#8243; override_padding=&#8221;yes&#8221; column_padding=&#8221;0&#8243; overlay_alpha=&#8221;50&#8243; shift_x=&#8221;0&#8243; shift_y=&#8221;0&#8243; shift_y_down=&#8221;0&#8243; z_index=&#8221;0&#8243; medium_width=&#8221;0&#8243; mobile_width=&#8221;0&#8243; width=&#8221;1\/1&#8243; uncode_shortcode_id=&#8221;615923&#8243;][vc_single_image media=&#8221;182389&#8243; media_width_percent=&#8221;100&#8243; alignment=&#8221;center&#8221; css_animation=&#8221;top-t-bottom&#8221; uncode_shortcode_id=&#8221;962715&#8243;][vc_single_image media=&#8221;177973&#8243; media_width_percent=&#8221;100&#8243; alignment=&#8221;center&#8221; css_animation=&#8221;top-t-bottom&#8221; uncode_shortcode_id=&#8221;196394&#8243;][\/vc_column][\/vc_row][vc_row row_height_percent=&#8221;0&#8243; override_padding=&#8221;yes&#8221; h_padding=&#8221;5&#8243; top_padding=&#8221;2&#8243; bottom_padding=&#8221;0&#8243; overlay_alpha=&#8221;50&#8243; gutter_size=&#8221;0&#8243; column_width_percent=&#8221;100&#8243; shift_y=&#8221;0&#8243; z_index=&#8221;0&#8243; uncode_shortcode_id=&#8221;182367&#8243;][vc_column column_width_percent=&#8221;100&#8243; gutter_size=&#8221;3&#8243; override_padding=&#8221;yes&#8221; column_padding=&#8221;0&#8243; overlay_alpha=&#8221;50&#8243; shift_x=&#8221;0&#8243; shift_y=&#8221;0&#8243; shift_y_down=&#8221;0&#8243; z_index=&#8221;0&#8243; medium_width=&#8221;0&#8243; mobile_width=&#8221;0&#8243; width=&#8221;1\/1&#8243; uncode_shortcode_id=&#8221;426046&#8243;][vc_row_inner row_inner_height_percent=&#8221;0&#8243; overlay_alpha=&#8221;50&#8243; gutter_size=&#8221;0&#8243; shift_y=&#8221;0&#8243; z_index=&#8221;0&#8243; uncode_shortcode_id=&#8221;198618&#8243; css=&#8221;.vc_custom_1707766307911{border-right-width: 25% !important;border-left-width: 25% !important;}&#8221;][vc_column_inner column_width_percent=&#8221;100&#8243; position_vertical=&#8221;middle&#8221; align_horizontal=&#8221;align_center&#8221; gutter_size=&#8221;0&#8243; override_padding=&#8221;yes&#8221; column_padding=&#8221;2&#8243; back_color=&#8221;color-xsdn&#8221; overlay_alpha=&#8221;50&#8243; preserve_border=&#8221;yes&#8221; preserve_border_tablet=&#8221;yes&#8221; preserve_border_mobile=&#8221;yes&#8221; border_color=&#8221;color-121136&#8243; border_style=&#8221;solid&#8221; shift_x=&#8221;0&#8243; shift_y=&#8221;-3&#8243; shift_y_fixed=&#8221;yes&#8221; shift_y_down=&#8221;0&#8243; z_index=&#8221;2&#8243; medium_width=&#8221;0&#8243; mobile_width=&#8221;0&#8243; css_animation=&#8221;zoom-in&#8221; width=&#8221;1\/1&#8243; uncode_shortcode_id=&#8221;112880&#8243; back_color_type=&#8221;uncode-palette&#8221; css=&#8221;.vc_custom_1707942813642{border-top-width: 10px !important;border-right-width: 10px !important;border-bottom-width: 10px !important;border-left-width: 10px !important;}&#8221; border_color_type=&#8221;uncode-palette&#8221;][vc_column_text text_lead=&#8221;yes&#8221; uncode_shortcode_id=&#8221;654834&#8243;]<\/p>\n<p style=\"text-align: center;\">OTORGAMOS<\/p>\n<p>[\/vc_column_text][vc_custom_heading text_color=&#8221;color-121136&#8243; heading_semantic=&#8221;h3&#8243; text_font=&#8221;font-113956&#8243; text_size=&#8221;h3&#8243; text_weight=&#8221;900&#8243; text_transform=&#8221;uppercase&#8221; text_height=&#8221;&#8221; text_italic=&#8221;yes&#8221; sub_lead=&#8221;yes&#8221; sub_reduced=&#8221;yes&#8221; uncode_shortcode_id=&#8221;680739&#8243; text_color_type=&#8221;uncode-palette&#8221;]100 MIL COMPUTADORAS A ESTUDIANTES Y DOCENTES[\/vc_custom_heading][\/vc_column_inner][\/vc_row_inner][vc_column_text uncode_shortcode_id=&#8221;146102&#8243;]<p>Reafirmamos nuestro compromiso de llevar al siguiente nivel de innovaci&oacute;n a estudiantes y docentes de educaci&oacute;n media superior y superior. A trav&eacute;s del programa Mi Compu GTO, entregamos 100 mil laptops, con una inversi&oacute;n de 820 millones de pesos, proporcion&aacute;ndoles las herramientas tecnol&oacute;gicas necesarias que les permitan transitar hacia la mentefactura.<\/p><br \/>\n<p>Recibimos la Medalla de la Solidaridad del Cr&eacute;dito Educativo Cruz de Bronce por parte de la Asociaci&oacute;n Panamericana de Instituciones de Cr&eacute;dito Educativo, Apice. Este galard&oacute;n refleja el compromiso del Estado con el acceso equitativo a la educaci&oacute;n y su contribuci&oacute;n durante 25 a&ntilde;os al desarrollo acad&eacute;mico de miles de estudiantes en la b&uacute;squeda de un mejor futuro.<\/p><br \/>\n<p>Guanajuato fue invitado al Encuentro Regional de Alto Nivel, Compromiso para la Acci&oacute;n sobre los aprendizajes b&aacute;sicos y su recuperaci&oacute;n &iexcl;Am&eacute;rica Latina y el Caribe se comprometen!, realizado en Bogot&aacute;, Colombia; con el objetivo de construir una red de actores sociales que permitan intercambiar experiencias y lograr sinergias para enriquecer contenidos.<\/p><br \/>\n<p>Guanajuato es el orgulloso custodio del Teatro Ju&aacute;rez, uno de los m&aacute;s emblem&aacute;ticos de M&eacute;xico. Un coloso de extraordinaria belleza que, desde hace 120 a&ntilde;os, ha albergado a figuras legendarias y ha sido un referente visual para varias generaciones. Salvaguardar su esplendor para el futuro y poner al d&iacute;a sus instalaciones fue el prop&oacute;sito del proyecto de seguridad integral.<\/p><br \/>\n<p>Actualizamos su equipo esc&eacute;nico y restauramos varios de sus elementos m&aacute;s distintivos como la escalera de honor con su monumental cuadro de la Santa Fe, la crom&aacute;tica original de sus salones Fumador y Tocador y su lin&oacute;leo original; que est&aacute;n ahora visibles y adecuadamente preservados para compartir a sus visitantes todo el lustre de un recinto que es una obra de arte en s&iacute; misma.<\/p><br \/>\n<p>En esta tierra coinciden desde el legado m&aacute;s antiguo de nuestros ancestros en cinco zonas arqueol&oacute;gicas, hasta las expresiones m&aacute;s arriesgadas e innovadoras de nuestros j&oacute;venes creadores en todas las disciplinas. Adem&aacute;s, contamos con una generosa oferta art&iacute;stica en museos, galer&iacute;as y escenarios hist&oacute;ricos y de vanguardia que se ofrecen para su disfrute.<\/p>[\/vc_column_text][\/vc_column][\/vc_row][vc_row row_height_percent=&#8221;0&#8243; override_padding=&#8221;yes&#8221; h_padding=&#8221;5&#8243; top_padding=&#8221;2&#8243; bottom_padding=&#8221;0&#8243; overlay_alpha=&#8221;50&#8243; gutter_size=&#8221;0&#8243; column_width_percent=&#8221;100&#8243; shift_y=&#8221;0&#8243; z_index=&#8221;0&#8243; uncode_shortcode_id=&#8221;182367&#8243;][vc_column column_width_percent=&#8221;100&#8243; gutter_size=&#8221;3&#8243; override_padding=&#8221;yes&#8221; column_padding=&#8221;0&#8243; overlay_alpha=&#8221;50&#8243; shift_x=&#8221;0&#8243; shift_y=&#8221;0&#8243; shift_y_down=&#8221;0&#8243; z_index=&#8221;0&#8243; medium_width=&#8221;0&#8243; mobile_width=&#8221;0&#8243; width=&#8221;1\/1&#8243; uncode_shortcode_id=&#8221;426046&#8243;][vc_separator sep_color=&#8221;color-121136&#8243; uncode_shortcode_id=&#8221;196080&#8243; sep_color_type=&#8221;uncode-palette&#8221; el_width=&#8221;100%&#8221; el_height=&#8221;2px&#8221;][vc_column_text uncode_shortcode_id=&#8221;505367&#8243;]<p>El acercamiento de ni&ntilde;as, ni&ntilde;os y adolescentes a las expresiones art&iacute;sticas desde al aula abona a su desarrollo integral y sus capacidades expresivas y de convivencia. Es as&iacute; como, construimos el proyecto transversal de educaci&oacute;n art&iacute;stica Navegante, primera iniciativa con estas caracter&iacute;sticas en el pa&iacute;s, que pone a disposici&oacute;n de docentes de educaci&oacute;n b&aacute;sica, un completo acervo de contenidos en l&iacute;nea, planeaciones, gu&iacute;as de actividades y materiales de apoyo, para la impartici&oacute;n de la materia de artes. Este programa est&aacute; a disposici&oacute;n en casas de cultura, bibliotecas, museos y centros culturales.<\/p><br \/>\n<p>Compromiso cumplido. Por tercer a&ntilde;o consecutivo, Guanajuato ha asegurado su 5&deg;. lugar en el medallero general de los Juegos Nacionales Conade 2023, un logro que da testimonio de la habilidad de nuestros deportistas y la dedicaci&oacute;n incansable de todos aquellos que forman parte de este tejido deportivo. Con un r&eacute;cord hist&oacute;rico de 257 medallas alcanzadas, las preseas son s&iacute;mbolo de su esfuerzo, sacrificio y determinaci&oacute;n. En la arena deportiva demostramos al pa&iacute;s que somos una fuerza a tener en cuenta y que este es solo el comienzo de un legado deportivo que seguir&aacute; creciendo en el escenario nacional.<\/p><br \/>\n<p>Las personas con discapacidad que compiten en los Juegos Paranacionales Conade han dado el mejor lugar para Guanajuato en la historia de este evento.  En 2022 consiguieron 99 medallas de las cuales 63 fueron doradas. &iexcl;Su triunfo es grandeza!<\/p><br \/>\n<p>A lo largo de dos ciclos ol&iacute;mpicos han destacado figuras que han representado al estado y a M&eacute;xico con resultados extraordinarios en el deporte convencional y adaptado como: la nadadora Liliana Ib&aacute;&ntilde;ez L&oacute;pez, reina de los XXIII Juegos Centroamericanos y del Caribe, en Barranquilla, Colombia 2018; Jes&uacute;s Hern&aacute;ndez Hern&aacute;ndez Premio Nacional de Deportes 2022 es el m&aacute;ximo representante del estado al ser doble medallista; el nadador &Aacute;ngel de Jes&uacute;s Camacho Ram&iacute;rez, ambos medallistas en los Juegos Paral&iacute;mpicos Tokyo 2020.<\/p>[\/vc_column_text][vc_row_inner row_inner_height_percent=&#8221;0&#8243; overlay_alpha=&#8221;50&#8243; gutter_size=&#8221;0&#8243; shift_y=&#8221;0&#8243; z_index=&#8221;0&#8243; uncode_shortcode_id=&#8221;198618&#8243; css=&#8221;.vc_custom_1707766307911{border-right-width: 25% !important;border-left-width: 25% !important;}&#8221;][vc_column_inner column_width_percent=&#8221;100&#8243; position_vertical=&#8221;middle&#8221; align_horizontal=&#8221;align_center&#8221; gutter_size=&#8221;0&#8243; override_padding=&#8221;yes&#8221; column_padding=&#8221;2&#8243; back_color=&#8221;color-xsdn&#8221; overlay_alpha=&#8221;50&#8243; preserve_border=&#8221;yes&#8221; preserve_border_tablet=&#8221;yes&#8221; preserve_border_mobile=&#8221;yes&#8221; border_color=&#8221;color-121136&#8243; border_style=&#8221;solid&#8221; shift_x=&#8221;0&#8243; shift_y=&#8221;0&#8243; shift_y_down=&#8221;-3&#8243; shift_y_down_fixed=&#8221;yes&#8221; z_index=&#8221;2&#8243; medium_width=&#8221;0&#8243; mobile_width=&#8221;0&#8243; css_animation=&#8221;zoom-in&#8221; width=&#8221;1\/1&#8243; uncode_shortcode_id=&#8221;113562&#8243; back_color_type=&#8221;uncode-palette&#8221; css=&#8221;.vc_custom_1707942864618{border-top-width: 10px !important;border-right-width: 10px !important;border-bottom-width: 10px !important;border-left-width: 10px !important;}&#8221; border_color_type=&#8221;uncode-palette&#8221;][vc_custom_heading text_color=&#8221;color-121136&#8243; heading_semantic=&#8221;h3&#8243; text_font=&#8221;font-113956&#8243; text_size=&#8221;h3&#8243; text_weight=&#8221;900&#8243; text_transform=&#8221;uppercase&#8221; text_height=&#8221;&#8221; text_italic=&#8221;yes&#8221; sub_lead=&#8221;yes&#8221; sub_reduced=&#8221;yes&#8221; uncode_shortcode_id=&#8221;190986&#8243; text_color_type=&#8221;uncode-palette&#8221; subheading=&#8221;Y REPRESENTANTES DE GUANAJUATO&#8221;]DEPORTISTAS SELECCIONADAS NACIONALES[\/vc_custom_heading][\/vc_column_inner][\/vc_row_inner][\/vc_column][\/vc_row][vc_row unlock_row_content=&#8221;yes&#8221; row_height_percent=&#8221;0&#8243; override_padding=&#8221;yes&#8221; h_padding=&#8221;0&#8243; top_padding=&#8221;0&#8243; bottom_padding=&#8221;0&#8243; overlay_alpha=&#8221;50&#8243; gutter_size=&#8221;0&#8243; column_width_percent=&#8221;100&#8243; shift_y=&#8221;0&#8243; z_index=&#8221;0&#8243; uncode_shortcode_id=&#8221;144530&#8243;][vc_column column_width_percent=&#8221;100&#8243; align_horizontal=&#8221;align_center&#8221; gutter_size=&#8221;0&#8243; override_padding=&#8221;yes&#8221; column_padding=&#8221;0&#8243; overlay_alpha=&#8221;50&#8243; shift_x=&#8221;0&#8243; shift_y=&#8221;0&#8243; shift_y_down=&#8221;0&#8243; z_index=&#8221;0&#8243; medium_width=&#8221;0&#8243; mobile_width=&#8221;0&#8243; width=&#8221;1\/1&#8243; uncode_shortcode_id=&#8221;615923&#8243;][vc_single_image media=&#8221;177980&#8243; media_width_percent=&#8221;100&#8243; alignment=&#8221;center&#8221; css_animation=&#8221;top-t-bottom&#8221; uncode_shortcode_id=&#8221;159992&#8243;][\/vc_column][\/vc_row][vc_section back_image=&#8221;177984&#8243; back_repeat=&#8221;no-repeat&#8221; back_position=&#8221;right top&#8221; overlay_alpha=&#8221;100&#8243; uncode_shortcode_id=&#8221;765329&#8243; back_size=&#8221;cover&#8221; overlay_color_type=&#8221;uncode-gradient&#8221; overlay_color_gradient=&#8221;{&#8220;css&#8220;:&#8220;background: linear-gradient(to right , rgba(0, 0, 0, 0.9) 11% , rgba(0, 0, 0, 0.3) 77%);&#8220;,&#8220;sliders&#8220;:`{`{&#8220;color&#8220;:&#8220;rgba(0, 0, 0, 0.9)&#8220;,&#8220;position&#8220;:11},{&#8220;color&#8220;:&#8220;rgba(0, 0, 0, 0.3)&#8220;,&#8220;position&#8220;:77}`}`,&#8220;type&#8220;:&#8220;linear&#8220;,&#8220;direction&#8220;:&#8220;left&#8220;}&#8221;][vc_row row_height_percent=&#8221;0&#8243; override_padding=&#8221;yes&#8221; h_padding=&#8221;5&#8243; top_padding=&#8221;2&#8243; bottom_padding=&#8221;2&#8243; overlay_alpha=&#8221;50&#8243; gutter_size=&#8221;3&#8243; column_width_percent=&#8221;100&#8243; shift_y=&#8221;0&#8243; z_index=&#8221;0&#8243; uncode_shortcode_id=&#8221;544571&#8243;][vc_column column_width_percent=&#8221;100&#8243; position_horizontal=&#8221;left&#8221; gutter_size=&#8221;3&#8243; override_padding=&#8221;yes&#8221; column_padding=&#8221;0&#8243; style=&#8221;dark&#8221; overlay_alpha=&#8221;50&#8243; shift_x=&#8221;0&#8243; shift_y=&#8221;0&#8243; shift_y_down=&#8221;0&#8243; z_index=&#8221;2&#8243; medium_width=&#8221;0&#8243; mobile_width=&#8221;7&#8243; css_animation=&#8221;left-t-right&#8221; width=&#8221;1\/2&#8243; uncode_shortcode_id=&#8221;208075&#8243;][vc_row_inner row_inner_height_percent=&#8221;0&#8243; overlay_alpha=&#8221;50&#8243; gutter_size=&#8221;0&#8243; shift_y=&#8221;0&#8243; z_index=&#8221;0&#8243; desktop_visibility=&#8221;yes&#8221; medium_visibility=&#8221;yes&#8221; uncode_shortcode_id=&#8221;539501&#8243; css=&#8221;.vc_custom_1707945364125{margin-bottom: 30px !important;}&#8221;][vc_column_inner column_width_percent=&#8221;100&#8243; gutter_size=&#8221;0&#8243; override_padding=&#8221;yes&#8221; column_padding=&#8221;0&#8243; overlay_alpha=&#8221;50&#8243; shift_x=&#8221;0&#8243; shift_y=&#8221;0&#8243; shift_y_down=&#8221;0&#8243; z_index=&#8221;0&#8243; medium_width=&#8221;0&#8243; mobile_width=&#8221;0&#8243; width=&#8221;1\/1&#8243; uncode_shortcode_id=&#8221;546571&#8243;][vc_single_image media=&#8221;177984&#8243; media_width_percent=&#8221;100&#8243; media_ratio=&#8221;one-one&#8221; alignment=&#8221;center&#8221; shape=&#8221;img-round&#8221; radius=&#8221;xl&#8221; shadow=&#8221;yes&#8221; shadow_weight=&#8221;std&#8221; shadow_darker=&#8221;yes&#8221; uncode_shortcode_id=&#8221;157788&#8243;][\/vc_column_inner][\/vc_row_inner][vc_row_inner row_inner_height_percent=&#8221;0&#8243; overlay_alpha=&#8221;50&#8243; gutter_size=&#8221;0&#8243; shift_y=&#8221;0&#8243; z_index=&#8221;0&#8243; uncode_shortcode_id=&#8221;373500&#8243;][vc_column_inner column_width_percent=&#8221;100&#8243; position_vertical=&#8221;middle&#8221; align_horizontal=&#8221;align_center&#8221; gutter_size=&#8221;0&#8243; override_padding=&#8221;yes&#8221; column_padding=&#8221;2&#8243; back_color=&#8221;color-xsdn&#8221; overlay_alpha=&#8221;50&#8243; preserve_border=&#8221;yes&#8221; preserve_border_tablet=&#8221;yes&#8221; preserve_border_mobile=&#8221;yes&#8221; border_color=&#8221;color-121136&#8243; border_style=&#8221;solid&#8221; shift_x=&#8221;0&#8243; shift_y=&#8221;0&#8243; shift_y_down=&#8221;0&#8243; z_index=&#8221;2&#8243; medium_width=&#8221;0&#8243; mobile_width=&#8221;0&#8243; css_animation=&#8221;zoom-in&#8221; width=&#8221;1\/1&#8243; uncode_shortcode_id=&#8221;152319&#8243; back_color_type=&#8221;uncode-palette&#8221; css=&#8221;.vc_custom_1707767844251{border-top-width: 10px !important;border-right-width: 10px !important;border-bottom-width: 10px !important;border-left-width: 10px !important;}&#8221; border_color_type=&#8221;uncode-palette&#8221;][vc_custom_heading text_color=&#8221;color-121136&#8243; heading_semantic=&#8221;h3&#8243; text_font=&#8221;font-113956&#8243; text_size=&#8221;h3&#8243; text_weight=&#8221;900&#8243; text_height=&#8221;&#8221; text_italic=&#8221;yes&#8221; sub_lead=&#8221;small&#8221; sub_reduced=&#8221;yes&#8221; uncode_shortcode_id=&#8221;759905&#8243; text_color_type=&#8221;uncode-palette&#8221; subheading=&#8221;EN LOS XXIV JUEGOS DEPORTIVOS CENTROAMERICANOS Y DEL CARIBE SAN SALVADOR 2023&#8243;]MEDALLA DE ORO[\/vc_custom_heading][\/vc_column_inner][\/vc_row_inner][vc_column_text uncode_shortcode_id=&#8221;161125&#8243; el_class=&#8221;dropcap-edu&#8221;]<p>Adem&aacute;s, la halterista Y&eacute;sica Yadira Hern&aacute;ndez Vieyra, obtuvo la primera medalla de oro en la historia de M&eacute;xico en los Juegos Ol&iacute;mpicos de la Juventud celebrados en Buenos Aires, Argentina; por su parte Laura Esther Galv&aacute;n Rodr&iacute;guez, La Gacela, que ha clasificado a los Juegos Ol&iacute;mpicos Par&iacute;s 2024 y tiene el r&eacute;cord mexicano en su prueba de atletismo.<\/p><br \/>\n<p>En 2020 se materializ&oacute; un proyecto emblema de la actual Administraci&oacute;n: la Escuela-Villa Grandeza del Deporte en la capital del estado, con el cual buscamos potenciar los buenos resultados en materia deportiva. Este modelo de apoyo al deporte de alto rendimiento se replicar&aacute; en Celaya, Irapuato y Valle de Santiago, en beneficio de deportistas locales, nacionales y extranjeros.<\/p><br \/>\n<p>Como parte de la celebraci&oacute;n de los 200 a&ntilde;os de ser una Entidad Federativa Libre y Soberana, el sector educativo contribuye a la formaci&oacute;n de la identidad cultural e hist&oacute;rica, con el programa Xocotzin: Venerable Peque&ntilde;o, realizado en 48 escuelas de educaci&oacute;n b&aacute;sica y 8 de superior. Por otra parte, con la participaci&oacute;n de la visita de los cronistas en las escuelas, se recordaron las fechas conmemorativas de cada municipio.<\/p><br \/>\n<p>Entre el t&eacute;rmino del ciclo escolar 2017-2018 y el 2021-2022 en educaci&oacute;n b&aacute;sica mejor&oacute; el porcentaje de alumnos que terminan los estudios del nivel correspondiente. En primaria, en promedio egres&oacute; el 97 por ciento; en secundaria, la eficiencia terminal increment&oacute; de 85.5 a 90.5 por ciento. En la EMS el porcentaje de alumnos que termina oportunamente estos estudios pas&oacute; del 58.3 al 60.6 por ciento.<\/p><br \/>\n<p>Como una resultante de la mejora en la escolarizaci&oacute;n de la poblaci&oacute;n de 16 a 21 a&ntilde;os en educaci&oacute;n media superior, la carencia social por rezago educativo que estima el Consejo Nacional de Evaluaci&oacute;n en la Pol&iacute;tica de Desarrollo Social, Coneval descendi&oacute; del 23.2 al 22.8 por ciento.<\/p>[\/vc_column_text][\/vc_column][vc_column column_width_percent=&#8221;100&#8243; position_vertical=&#8221;bottom&#8221; align_horizontal=&#8221;align_center&#8221; gutter_size=&#8221;3&#8243; overlay_alpha=&#8221;50&#8243; shift_x=&#8221;0&#8243; shift_y=&#8221;0&#8243; shift_y_down=&#8221;0&#8243; z_index=&#8221;0&#8243; medium_width=&#8221;0&#8243; mobile_width=&#8221;0&#8243; width=&#8221;1\/2&#8243; uncode_shortcode_id=&#8221;500794&#8243;][vc_row_inner row_inner_height_percent=&#8221;0&#8243; overlay_alpha=&#8221;50&#8243; gutter_size=&#8221;0&#8243; shift_y=&#8221;0&#8243; z_index=&#8221;0&#8243; uncode_shortcode_id=&#8221;373500&#8243;][vc_column_inner column_width_percent=&#8221;100&#8243; position_vertical=&#8221;middle&#8221; align_horizontal=&#8221;align_center&#8221; gutter_size=&#8221;0&#8243; override_padding=&#8221;yes&#8221; column_padding=&#8221;2&#8243; back_color=&#8221;color-103136&#8243; overlay_alpha=&#8221;50&#8243; shift_x=&#8221;0&#8243; shift_y=&#8221;0&#8243; shift_y_down=&#8221;0&#8243; z_index=&#8221;2&#8243; medium_width=&#8221;0&#8243; mobile_width=&#8221;0&#8243; css_animation=&#8221;right-t-left&#8221; radius=&#8221;xl&#8221; shadow=&#8221;std&#8221; width=&#8221;1\/1&#8243; uncode_shortcode_id=&#8221;203060&#8243; back_color_type=&#8221;uncode-palette&#8221;][vc_custom_heading text_color=&#8221;color-121136&#8243; heading_semantic=&#8221;h4&#8243; text_font=&#8221;font-113956&#8243; text_size=&#8221;h4&#8243; text_weight=&#8221;900&#8243; text_height=&#8221;&#8221; text_italic=&#8221;yes&#8221; sub_reduced=&#8221;yes&#8221; uncode_shortcode_id=&#8221;174357&#8243; text_color_type=&#8221;uncode-palette&#8221; subheading=&#8221;Seleccionada nacional guanajuatense&#8221;]Y\u00e9sica Yadira Hern\u00e1ndez Vieyra[\/vc_custom_heading][\/vc_column_inner][\/vc_row_inner][\/vc_column][\/vc_row][\/vc_section]<\/p>\n<\/div>","protected":false},"excerpt":{"rendered":"<p>[vc_section back_image=&#8221;177933&#8243; back_repeat=&#8221;no-repeat&#8221; back_position=&#8221;right top&#8221; overlay_alpha=&#8221;100&#8243; uncode_shortcode_id=&#8221;678674&#8243; back_size=&#8221;cover&#8221; overlay_color_type=&#8221;uncode-gradient&#8221; overlay_color_gradient=&#8221;{&#8220;css&#8220;:&#8220;background: linear-gradient(to right , rgba(0, 0, 0, 0.9) 11% , rgba(0, [&hellip;]<\/p>\n","protected":false},"author":3,"featured_media":0,"comment_status":"open","ping_status":"open","sticky":false,"template":"","format":"standard","meta":{"footnotes":""},"categories":[12],"tags":[],"_links":{"self":[{"href":"https:\/\/6toinformeds.guanajuato.gob.mx\/index.php\/wp-json\/wp\/v2\/posts\/177929"}],"collection":[{"href":"https:\/\/6toinformeds.guanajuato.gob.mx\/index.php\/wp-json\/wp\/v2\/posts"}],"about":[{"href":"https:\/\/6toinformeds.guanajuato.gob.mx\/index.php\/wp-json\/wp\/v2\/types\/post"}],"author":[{"embeddable":true,"href":"https:\/\/6toinformeds.guanajuato.gob.mx\/index.php\/wp-json\/wp\/v2\/users\/3"}],"replies":[{"embeddable":true,"href":"https:\/\/6toinformeds.guanajuato.gob.mx\/index.php\/wp-json\/wp\/v2\/comments?post=177929"}],"version-history":[{"count":41,"href":"https:\/\/6toinformeds.guanajuato.gob.mx\/index.php\/wp-json\/wp\/v2\/posts\/177929\/revisions"}],"predecessor-version":[{"id":188150,"href":"https:\/\/6toinformeds.guanajuato.gob.mx\/index.php\/wp-json\/wp\/v2\/posts\/177929\/revisions\/188150"}],"wp:attachment":[{"href":"https:\/\/6toinformeds.guanajuato.gob.mx\/index.php\/wp-json\/wp\/v2\/media?parent=177929"}],"wp:term":[{"taxonomy":"category","embeddable":true,"href":"https:\/\/6toinformeds.guanajuato.gob.mx\/index.php\/wp-json\/wp\/v2\/categories?post=177929"},{"taxonomy":"post_tag","embeddable":true,"href":"https:\/\/6toinformeds.guanajuato.gob.mx\/index.php\/wp-json\/wp\/v2\/tags?post=177929"}],"curies":[{"name":"wp","href":"https:\/\/api.w.org\/{rel}","templated":true}]}}